{"id":24690,"date":"2014-07-10T19:13:09","date_gmt":"2014-07-10T22:13:09","guid":{"rendered":"http:\/\/cordobatimes.com\/showup\/?p=24690"},"modified":"2020-01-23T11:44:24","modified_gmt":"2020-01-23T14:44:24","slug":"brenda-asnicar-prepara-la-segunda-temporada-de-cumbia-ninja","status":"publish","type":"post","link":"https:\/\/www.cordobatimes.com\/showup\/cine-y-series\/2014\/07\/10\/brenda-asnicar-prepara-la-segunda-temporada-de-cumbia-ninja\/","title":{"rendered":"Brenda Asnicar prepara la segunda temporada de \u00abCumbia Ninja\u00bb"},"content":{"rendered":"<h3 style=\"text-align: justify;\"><strong>Comenzaron a verse en la se\u00f1al FOX las primeras promociones de la segunda entrega de la ficci\u00f3n protagonizada por la bella actriz y el mexicano Ricardo Abarca <\/strong><\/h3>\n<p style=\"text-align: justify;\">Seg\u00fan pudo saberse se conserva el mismo elenco de la primera parte de la serie que fuera emitida en toda Latinoam\u00e9rica.<\/p>\n<p style=\"text-align: justify;\">A\u00fan sin fecha confirmada de estreno, pero prevista para esta segunda mitad del a\u00f1o, ya queda poco para que los fans de Nieves (personaje que interpreta Brenda Asnicar) vuelvan a disfrutar de la serie.<\/p>\n<p style=\"text-align: justify;\">Para Brenda no s\u00f3lo fue una oportunidad para mostrarse como actriz en toda la regi\u00f3n latina, sino tambi\u00e9n como cantante de los temas compuestos especialmente para esta \u201cCumbia Ninja\u201d.<\/p>\n<p><iframe loading=\"lazy\" src=\"\/\/www.youtube.com\/embed\/tTPeVfHm3jU\" width=\"560\" height=\"315\" frameborder=\"0\" allowfullscreen=\"allowfullscreen\"><\/iframe><\/p>\n","protected":false},"excerpt":{"rendered":"<p>Comenzaron a verse en la se\u00f1al FOX las primeras promociones de la segunda entrega de la ficci\u00f3n protagonizada por la bella actriz y el mexicano Ricardo Abarca Seg\u00fan pudo saberse se conserva el mismo elenco de la primera parte de la serie que fuera emitida en toda Latinoam\u00e9rica. A\u00fan sin fecha confirmada de estreno, pero [&hellip;]<\/p>\n","protected":false},"author":9,"featured_media":24711,"comment_status":"closed","ping_status":"closed","sticky":false,"template":"","format":"standard","meta":{"_seopress_robots_primary_cat":"","_seopress_titles_title":"","_seopress_titles_desc":"","_seopress_robots_index":"","footnotes":""},"categories":[3],"tags":[9428],"class_list":{"0":"post-24690","1":"post","2":"type-post","3":"status-publish","4":"format-standard","5":"has-post-thumbnail","7":"category-cine-y-series","8":"tag-segunda-temporada-de-cumbia-ninja"},"_links":{"self":[{"href":"https:\/\/www.cordobatimes.com\/showup\/wp-json\/wp\/v2\/posts\/24690","targetHints":{"allow":["GET"]}}],"collection":[{"href":"https:\/\/www.cordobatimes.com\/showup\/wp-json\/wp\/v2\/posts"}],"about":[{"href":"https:\/\/www.cordobatimes.com\/showup\/wp-json\/wp\/v2\/types\/post"}],"author":[{"embeddable":true,"href":"https:\/\/www.cordobatimes.com\/showup\/wp-json\/wp\/v2\/users\/9"}],"replies":[{"embeddable":true,"href":"https:\/\/www.cordobatimes.com\/showup\/wp-json\/wp\/v2\/comments?post=24690"}],"version-history":[{"count":0,"href":"https:\/\/www.cordobatimes.com\/showup\/wp-json\/wp\/v2\/posts\/24690\/revisions"}],"wp:featuredmedia":[{"embeddable":true,"href":"https:\/\/www.cordobatimes.com\/showup\/wp-json\/wp\/v2\/media\/24711"}],"wp:attachment":[{"href":"https:\/\/www.cordobatimes.com\/showup\/wp-json\/wp\/v2\/media?parent=24690"}],"wp:term":[{"taxonomy":"category","embeddable":true,"href":"https:\/\/www.cordobatimes.com\/showup\/wp-json\/wp\/v2\/categories?post=24690"},{"taxonomy":"post_tag","embeddable":true,"href":"https:\/\/www.cordobatimes.com\/showup\/wp-json\/wp\/v2\/tags?post=24690"}],"curies":[{"name":"wp","href":"https:\/\/api.w.org\/{rel}","templated":true}]}}