{"id":24682,"date":"2014-07-10T18:32:33","date_gmt":"2014-07-10T21:32:33","guid":{"rendered":"http:\/\/cordobatimes.com\/showup\/?p=24682"},"modified":"2020-01-23T11:54:47","modified_gmt":"2020-01-23T14:54:47","slug":"procesaron-a-los-suegros-y-al-marido-de-valeria-mazza","status":"publish","type":"post","link":"https:\/\/www.cordobatimes.com\/showup\/famosos\/2014\/07\/10\/procesaron-a-los-suegros-y-al-marido-de-valeria-mazza\/","title":{"rendered":"Procesaron a los suegros y al marido de Valeria Mazza"},"content":{"rendered":"<h3 style=\"text-align: justify;\"><strong>El fallo fue dictado por la Sala Cuarta de la C\u00e1mara, con las firmas de los jueces Mariano Gonz\u00e1lez Palazzo, Carlos Alberto Gonz\u00e1lez y Alberto Seijas, que proces\u00f3 a Gravier, esposo de Mazza, y sus padres, Horacio Alfredo Gravier y Mar\u00eda Cristina Cirio.<\/strong><\/h3>\n<p style=\"text-align: justify;\">A los ya nombrados se los acusa por \u00abpart\u00edcipes necesarios del delito de uso de documento p\u00fablico falso\u00bb, una figura que tiene una pena de hasta seis a\u00f1os de prisi\u00f3n.<\/p>\n<p style=\"text-align: justify;\">De acuerdo al expediente, la maniobra se habr\u00eda cometido a trav\u00e9s de las empresas \u00abVamagra S.A.\u00bb y \u00abLa So\u00f1ada S.A.\u00bb, que \u00abestaban exclusivamente integradas por los accionistas Valeria Mazza y Alejandro Gravier, tenedores del 100% de su paquete accionario\u00bb.<\/p>\n<p style=\"text-align: justify;\">Se trata de una causa en la que estaba procesada una contadora, Ana Mar\u00eda Jost, quien seg\u00fan la acusaci\u00f3n habr\u00eda presentado los documentos ante el organismo recaudador.<\/p>\n<p style=\"text-align: justify;\">\u00abTales sociedades, al igual que Valeria Raquel Mazza, estaban siendo investigadas por presunta evasi\u00f3n de tributos, y en ese marco fue que tuvo lugar la presentaci\u00f3n de Jost que integraba el estudio contable\u00bb de la familia Gravier.<\/p>\n<p style=\"text-align: justify;\">\u00abLejos est\u00e1n Horacio Alfredo Gravier, Alejandro Jorge Gravier y Mar\u00eda Cristina Cirio de resultar ajenos al hecho materia de pesquisa, pues con la provisoriedad propia de esta etapa del proceso es posible sostener que el desarrollo de la conducta material, en definitiva concretada por Jost, fue posible \u00fanicamente merced a su necesaria colaboraci\u00f3n, suscribiendo el contrato que, junto con las actuaciones notariales falsas, ser\u00eda entregado por esta \u00faltima para eludir sus responsabilidades\u00bb, dice el fallo.<\/p>\n<p style=\"text-align: justify;\">La resoluci\u00f3n orden\u00f3 al juez que lleva el caso, Roberto Ponce \u00abexpedirse acerca de las restantes medidas cautelares\u00bb, es decir embargos sobre los bienes y si dictar\u00e1 prisi\u00f3n o sin prisi\u00f3n preventiva.<\/p>\n","protected":false},"excerpt":{"rendered":"<p>El fallo fue dictado por la Sala Cuarta de la C\u00e1mara, con las firmas de los jueces Mariano Gonz\u00e1lez Palazzo, Carlos Alberto Gonz\u00e1lez y Alberto Seijas, que proces\u00f3 a Gravier, esposo de Mazza, y sus padres, Horacio Alfredo Gravier y Mar\u00eda Cristina Cirio. A los ya nombrados se los acusa por \u00abpart\u00edcipes necesarios del delito [&hellip;]<\/p>\n","protected":false},"author":9,"featured_media":24703,"comment_status":"closed","ping_status":"closed","sticky":false,"template":"","format":"standard","meta":{"_seopress_robots_primary_cat":"","_seopress_titles_title":"","_seopress_titles_desc":"","_seopress_robots_index":"","footnotes":""},"categories":[4],"tags":[28568,28569],"class_list":{"0":"post-24682","1":"post","2":"type-post","3":"status-publish","4":"format-standard","5":"has-post-thumbnail","7":"category-famosos","8":"tag-marido-de-valeria-mazza","9":"tag-procesaron-al-suegro-y-al-marido-de-valeria-mazza"},"_links":{"self":[{"href":"https:\/\/www.cordobatimes.com\/showup\/wp-json\/wp\/v2\/posts\/24682","targetHints":{"allow":["GET"]}}],"collection":[{"href":"https:\/\/www.cordobatimes.com\/showup\/wp-json\/wp\/v2\/posts"}],"about":[{"href":"https:\/\/www.cordobatimes.com\/showup\/wp-json\/wp\/v2\/types\/post"}],"author":[{"embeddable":true,"href":"https:\/\/www.cordobatimes.com\/showup\/wp-json\/wp\/v2\/users\/9"}],"replies":[{"embeddable":true,"href":"https:\/\/www.cordobatimes.com\/showup\/wp-json\/wp\/v2\/comments?post=24682"}],"version-history":[{"count":0,"href":"https:\/\/www.cordobatimes.com\/showup\/wp-json\/wp\/v2\/posts\/24682\/revisions"}],"wp:featuredmedia":[{"embeddable":true,"href":"https:\/\/www.cordobatimes.com\/showup\/wp-json\/wp\/v2\/media\/24703"}],"wp:attachment":[{"href":"https:\/\/www.cordobatimes.com\/showup\/wp-json\/wp\/v2\/media?parent=24682"}],"wp:term":[{"taxonomy":"category","embeddable":true,"href":"https:\/\/www.cordobatimes.com\/showup\/wp-json\/wp\/v2\/categories?post=24682"},{"taxonomy":"post_tag","embeddable":true,"href":"https:\/\/www.cordobatimes.com\/showup\/wp-json\/wp\/v2\/tags?post=24682"}],"curies":[{"name":"wp","href":"https:\/\/api.w.org\/{rel}","templated":true}]}}