{"id":24510,"date":"2014-07-08T14:58:58","date_gmt":"2014-07-08T17:58:58","guid":{"rendered":"http:\/\/cordobatimes.com\/showup\/?p=24510"},"modified":"2020-01-23T19:50:24","modified_gmt":"2020-01-23T22:50:24","slug":"norma-aleandro-celebro-el-reestreno-de-la-historia-oficial","status":"publish","type":"post","link":"https:\/\/www.cordobatimes.com\/showup\/cine-y-series\/2014\/07\/08\/norma-aleandro-celebro-el-reestreno-de-la-historia-oficial\/","title":{"rendered":"Norma Aleandro celebr\u00f3 el reestreno de \u00abLa historia oficial\u00bb"},"content":{"rendered":"<h3 style=\"text-align: justify;\"><strong>Fue la primer pel\u00edcula argentina en ganar un Oscar y \u00a0previendo su 30\u00b0 aniversario en 2015, la actriz habl\u00f3 de c\u00f3mo fue filmar en pleno gobierno de facto.\u00a0<\/strong><\/h3>\n<p style=\"text-align: justify;\">En di\u00e1logo con Catalina Dlugi por La Once Diez, la actriz record\u00f3 que \u201ctodav\u00eda est\u00e1bamos con un gobierno militar. No hab\u00eda habido elecciones, no estaba Alfons\u00edn. Yo dije \u2018acabo de llegar de un exilio, no puedo hacer esa pel\u00edcula\u2019. Me convenci\u00f3 Luis Puenzo. Yo sent\u00ed que como ciudadana es una pel\u00edcula que hay que hacer\u201c.<\/p>\n<p style=\"text-align: justify;\">Asimismo, afirm\u00f3 que \u201cesa pel\u00edcula para m\u00ed fue la \u00fanica posibilidad de trabajar. Yo hab\u00eda vuelto del exilio, pero igual no me llamaban\u201d. Sobre la obra, analiz\u00f3: \u201cSe mantiene muy bien la pel\u00edcula, no ha envejecido. Est\u00e1 muy bien escrita, muy bien filmada. Puenzo sab\u00eda lo que quer\u00eda, tuvo un buen elenco, hizo un trabajo excepcional\u201d.<\/p>\n<p style=\"text-align: justify;\">Al respecto, agreg\u00f3: \u201cYo ven\u00eda de un exilio, no era mi proyecto vivir en otro pa\u00eds. Ser\u00e1 que hace tantos a\u00f1os que lo hago que tengo ganas de quedarme en mi casa, el mejor lugar para mi es Buenos Aires, mi casa, mis amigos, mi familia\u201d.<\/p>\n<p style=\"text-align: justify;\">Acerca del futuro, inform\u00f3 que tiene varios proyectos junto a Lino Patalano: \u201cEstoy escribiendo una obra c\u00f3mica, absolutamente loca, que seguramente la estrenaremos en diciembre o en enero. Despu\u00e9s, tenemos la vuelta de \u2018Escenas de la vida conyugal\u2019, en la que no va a estar Valeria Bertucelli porque est\u00e1 de gira con Vicentico\u201d.<\/p>\n<p style=\"text-align: justify;\">Recordemos que \u201cLa historia oficial\u201d es una pel\u00edcula argentina dram\u00e1tica dirigida por Luis Puenzo y con Norma Aleandro, H\u00e9ctor Alterio, Chunchuna Villafa\u00f1e y Hugo Arana como actores principales. El guion es de Puenzo y A\u00edda Bortnik, y se estren\u00f3 el 3 de abril de 1985.<\/p>\n<p style=\"text-align: justify;\">La pel\u00edcula fue ganadora de muchos premios nacionales e internacionales, entre ellos el Oscar a la mejor pel\u00edcula de habla no inglesa, por primera vez en la historia del pa\u00eds \u2014la segunda fue \u201cEl secreto de sus ojos\u201d\u2014, y el segundo Globo de Oro a la mejor pel\u00edcula en lengua no inglesa para Argentina despu\u00e9s del obtenido por \u201cLa mujer de las camelias\u201d. Es la \u00fanica pel\u00edcula argentina que obtuvo ambos galardones.<\/p>\n","protected":false},"excerpt":{"rendered":"<p>Fue la primer pel\u00edcula argentina en ganar un Oscar y \u00a0previendo su 30\u00b0 aniversario en 2015, la actriz habl\u00f3 de c\u00f3mo fue filmar en pleno gobierno de facto.\u00a0 En di\u00e1logo con Catalina Dlugi por La Once Diez, la actriz record\u00f3 que \u201ctodav\u00eda est\u00e1bamos con un gobierno militar. No hab\u00eda habido elecciones, no estaba Alfons\u00edn. Yo [&hellip;]<\/p>\n","protected":false},"author":9,"featured_media":24514,"comment_status":"closed","ping_status":"closed","sticky":false,"template":"","format":"standard","meta":{"_seopress_robots_primary_cat":"","_seopress_titles_title":"","_seopress_titles_desc":"","_seopress_robots_index":"","footnotes":""},"categories":[3],"tags":[28585,28584],"class_list":{"0":"post-24510","1":"post","2":"type-post","3":"status-publish","4":"format-standard","5":"has-post-thumbnail","7":"category-cine-y-series","8":"tag-norma-aleandro-la-historia-oficial","9":"tag-norma-aleandro-reestreno-de-la-historia-oficial"},"_links":{"self":[{"href":"https:\/\/www.cordobatimes.com\/showup\/wp-json\/wp\/v2\/posts\/24510","targetHints":{"allow":["GET"]}}],"collection":[{"href":"https:\/\/www.cordobatimes.com\/showup\/wp-json\/wp\/v2\/posts"}],"about":[{"href":"https:\/\/www.cordobatimes.com\/showup\/wp-json\/wp\/v2\/types\/post"}],"author":[{"embeddable":true,"href":"https:\/\/www.cordobatimes.com\/showup\/wp-json\/wp\/v2\/users\/9"}],"replies":[{"embeddable":true,"href":"https:\/\/www.cordobatimes.com\/showup\/wp-json\/wp\/v2\/comments?post=24510"}],"version-history":[{"count":0,"href":"https:\/\/www.cordobatimes.com\/showup\/wp-json\/wp\/v2\/posts\/24510\/revisions"}],"wp:featuredmedia":[{"embeddable":true,"href":"https:\/\/www.cordobatimes.com\/showup\/wp-json\/wp\/v2\/media\/24514"}],"wp:attachment":[{"href":"https:\/\/www.cordobatimes.com\/showup\/wp-json\/wp\/v2\/media?parent=24510"}],"wp:term":[{"taxonomy":"category","embeddable":true,"href":"https:\/\/www.cordobatimes.com\/showup\/wp-json\/wp\/v2\/categories?post=24510"},{"taxonomy":"post_tag","embeddable":true,"href":"https:\/\/www.cordobatimes.com\/showup\/wp-json\/wp\/v2\/tags?post=24510"}],"curies":[{"name":"wp","href":"https:\/\/api.w.org\/{rel}","templated":true}]}}