{"id":24462,"date":"2014-07-07T17:44:41","date_gmt":"2014-07-07T20:44:41","guid":{"rendered":"http:\/\/cordobatimes.com\/showup\/?p=24462"},"modified":"2020-01-23T20:12:15","modified_gmt":"2020-01-23T23:12:15","slug":"sofia-gala-inicio-acciones-legales-contra-maria-eugenia-rito","status":"publish","type":"post","link":"https:\/\/www.cordobatimes.com\/showup\/famosos\/2014\/07\/07\/sofia-gala-inicio-acciones-legales-contra-maria-eugenia-rito\/","title":{"rendered":"Sof\u00eda Gala inici\u00f3 acciones legales contra Mar\u00eda Eugenia Rit\u00f3"},"content":{"rendered":"<h3 style=\"text-align: justify;\"><strong>La hija de Moria se mostr\u00f3 indignada luego de las fuertes declaraciones de la vedette contra su persona.<\/strong><\/h3>\n<p style=\"text-align: justify;\">En un fuerte cruce con Moria, tras una devoluci\u00f3n, Rit\u00f3 le dijo: \u201cQue bueno que nombr\u00e1s a Carpe Diem, sabiendo que tambi\u00e9n tambi\u00e9n ten\u00e9s una hija en recuperaci\u00f3n\u201d<\/p>\n<p style=\"text-align: justify;\">En la \u00faltima emisi\u00f3n de Bailando, la participante intent\u00f3 acercarse a la diva para darle un beso, pero Moria la rechaz\u00f3 y la tild\u00f3 de hip\u00f3crita. \u201cCon mi hija y mi gente vas a tener que rendir ante la justicia\u201c, le asegur\u00f3. Y a\u00f1adi\u00f3: \u201cTe pasaste de rosca. No conmigo, con mi hija te fuiste al carajo\u201c.<\/p>\n<p style=\"text-align: justify;\">En di\u00e1logo con Implacables, Moria dijo que \u201cSof\u00eda est\u00e1 indignada con Rit\u00f3. Me dijo: \u2018No se te ocurra disculpar a esta se\u00f1ora que me ofendi\u00f3 a m\u00ed y yo no tengo nada que ver. Yo no estoy en el programa, nunca le hice nada, qu\u00e9 sabe de mi vida?, qu\u00e9 se mete?\u2019\u201d.<\/p>\n<p style=\"text-align: justify;\">Por su parte, Sof\u00eda se expres\u00f3 al respecto a trav\u00e9s de la red social del pajarito: \u201cPor favor, no me pregunten a quien y por qu\u00e9 inicio demandas legales. Solo puedo decir que estoy harta que hablen de mi. Tengo una hija y familia\u201c.<\/p>\n<p style=\"text-align: justify;\">Y agreg\u00f3: \u201cYa bastante se habl\u00f3 de mi y nunca hice nada y se dijeron barbaridades. No quiero pasar m\u00e1s por lo que tuve que pasar el a\u00f1o pasado\u201d<\/p>\n<p style=\"text-align: justify;\">\u201cNo me interesa apuntar con el dedo a ninguna de las personas que dijeron cosas que me lastimaron. Pero decid\u00ed que no quiero que lo hagan m\u00e1s\u201c, a\u00f1adi\u00f3.<\/p>\n<p style=\"text-align: justify;\">La hija de Moria se encuentra esperando su segundo hijo, que se llamar\u00e1 Dante.<\/p>\n","protected":false},"excerpt":{"rendered":"<p>La hija de Moria se mostr\u00f3 indignada luego de las fuertes declaraciones de la vedette contra su persona. En un fuerte cruce con Moria, tras una devoluci\u00f3n, Rit\u00f3 le dijo: \u201cQue bueno que nombr\u00e1s a Carpe Diem, sabiendo que tambi\u00e9n tambi\u00e9n ten\u00e9s una hija en recuperaci\u00f3n\u201d En la \u00faltima emisi\u00f3n de Bailando, la participante intent\u00f3 [&hellip;]<\/p>\n","protected":false},"author":9,"featured_media":24463,"comment_status":"closed","ping_status":"closed","sticky":false,"template":"","format":"standard","meta":{"_seopress_robots_primary_cat":"","_seopress_titles_title":"","_seopress_titles_desc":"","_seopress_robots_index":"","footnotes":""},"categories":[4],"tags":[28590,28589],"class_list":{"0":"post-24462","1":"post","2":"type-post","3":"status-publish","4":"format-standard","5":"has-post-thumbnail","7":"category-famosos","8":"tag-sofia-gala-acciones-legales-contra-maria-eugenia-rito","9":"tag-sofia-gala-maria-eugenia-rito"},"_links":{"self":[{"href":"https:\/\/www.cordobatimes.com\/showup\/wp-json\/wp\/v2\/posts\/24462","targetHints":{"allow":["GET"]}}],"collection":[{"href":"https:\/\/www.cordobatimes.com\/showup\/wp-json\/wp\/v2\/posts"}],"about":[{"href":"https:\/\/www.cordobatimes.com\/showup\/wp-json\/wp\/v2\/types\/post"}],"author":[{"embeddable":true,"href":"https:\/\/www.cordobatimes.com\/showup\/wp-json\/wp\/v2\/users\/9"}],"replies":[{"embeddable":true,"href":"https:\/\/www.cordobatimes.com\/showup\/wp-json\/wp\/v2\/comments?post=24462"}],"version-history":[{"count":0,"href":"https:\/\/www.cordobatimes.com\/showup\/wp-json\/wp\/v2\/posts\/24462\/revisions"}],"wp:featuredmedia":[{"embeddable":true,"href":"https:\/\/www.cordobatimes.com\/showup\/wp-json\/wp\/v2\/media\/24463"}],"wp:attachment":[{"href":"https:\/\/www.cordobatimes.com\/showup\/wp-json\/wp\/v2\/media?parent=24462"}],"wp:term":[{"taxonomy":"category","embeddable":true,"href":"https:\/\/www.cordobatimes.com\/showup\/wp-json\/wp\/v2\/categories?post=24462"},{"taxonomy":"post_tag","embeddable":true,"href":"https:\/\/www.cordobatimes.com\/showup\/wp-json\/wp\/v2\/tags?post=24462"}],"curies":[{"name":"wp","href":"https:\/\/api.w.org\/{rel}","templated":true}]}}