{"id":24378,"date":"2014-07-06T18:28:10","date_gmt":"2014-07-06T21:28:10","guid":{"rendered":"http:\/\/cordobatimes.com\/showup\/?p=24378"},"modified":"2020-01-23T21:09:04","modified_gmt":"2020-01-24T00:09:04","slug":"natalia-oreiro-se-convertira-en-gilda","status":"publish","type":"post","link":"https:\/\/www.cordobatimes.com\/showup\/cine-y-series\/2014\/07\/06\/natalia-oreiro-se-convertira-en-gilda\/","title":{"rendered":"Natalia Oreiro se convertir\u00e1 en Gilda"},"content":{"rendered":"<h3 style=\"text-align: justify;\"><strong>Desde hace un tiempo la uruguaya eval\u00faa guiones para ponerse en la piel de la legendaria cantante. <\/strong><\/h3>\n<p style=\"text-align: justify;\">Finalmente, lleg\u00f3 a sus manos un material convincente; por lo que en agosto de 2015 se estar\u00e1 estrenando un film biogr\u00e1fico sobre la popular reina de la bailanta.<\/p>\n<p style=\"text-align: justify;\">Por el momento, se trata enteramente de una ficci\u00f3n. En un principio, se hab\u00eda hablado de una pel\u00edcula que combinar\u00eda recreaci\u00f3n con im\u00e1genes de archivo; pero ahora trascendi\u00f3 que el material no incluir\u00e1 registros de la fallecida cantante.<\/p>\n<p style=\"text-align: justify;\">Oreiro ya est\u00e1 en plena tarea de preparaci\u00f3n del personaje, tanto desde lo actoral como desde lo musical.<\/p>\n<p style=\"text-align: justify;\">A vos, \u00bfte gusta la idea?<\/p>\n","protected":false},"excerpt":{"rendered":"<p>Desde hace un tiempo la uruguaya eval\u00faa guiones para ponerse en la piel de la legendaria cantante. Finalmente, lleg\u00f3 a sus manos un material convincente; por lo que en agosto de 2015 se estar\u00e1 estrenando un film biogr\u00e1fico sobre la popular reina de la bailanta. Por el momento, se trata enteramente de una ficci\u00f3n. En [&hellip;]<\/p>\n","protected":false},"author":9,"featured_media":24411,"comment_status":"closed","ping_status":"closed","sticky":false,"template":"","format":"standard","meta":{"_seopress_robots_primary_cat":"","_seopress_titles_title":"","_seopress_titles_desc":"","_seopress_robots_index":"","footnotes":""},"categories":[3],"tags":[28601,9485],"class_list":{"0":"post-24378","1":"post","2":"type-post","3":"status-publish","4":"format-standard","5":"has-post-thumbnail","7":"category-cine-y-series","8":"tag-natalia-oreiro-gilda","9":"tag-pelicula-de-gilda"},"_links":{"self":[{"href":"https:\/\/www.cordobatimes.com\/showup\/wp-json\/wp\/v2\/posts\/24378","targetHints":{"allow":["GET"]}}],"collection":[{"href":"https:\/\/www.cordobatimes.com\/showup\/wp-json\/wp\/v2\/posts"}],"about":[{"href":"https:\/\/www.cordobatimes.com\/showup\/wp-json\/wp\/v2\/types\/post"}],"author":[{"embeddable":true,"href":"https:\/\/www.cordobatimes.com\/showup\/wp-json\/wp\/v2\/users\/9"}],"replies":[{"embeddable":true,"href":"https:\/\/www.cordobatimes.com\/showup\/wp-json\/wp\/v2\/comments?post=24378"}],"version-history":[{"count":0,"href":"https:\/\/www.cordobatimes.com\/showup\/wp-json\/wp\/v2\/posts\/24378\/revisions"}],"wp:featuredmedia":[{"embeddable":true,"href":"https:\/\/www.cordobatimes.com\/showup\/wp-json\/wp\/v2\/media\/24411"}],"wp:attachment":[{"href":"https:\/\/www.cordobatimes.com\/showup\/wp-json\/wp\/v2\/media?parent=24378"}],"wp:term":[{"taxonomy":"category","embeddable":true,"href":"https:\/\/www.cordobatimes.com\/showup\/wp-json\/wp\/v2\/categories?post=24378"},{"taxonomy":"post_tag","embeddable":true,"href":"https:\/\/www.cordobatimes.com\/showup\/wp-json\/wp\/v2\/tags?post=24378"}],"curies":[{"name":"wp","href":"https:\/\/api.w.org\/{rel}","templated":true}]}}