{"id":24231,"date":"2014-07-04T18:06:25","date_gmt":"2014-07-04T21:06:25","guid":{"rendered":"http:\/\/cordobatimes.com\/showup\/?p=24231"},"modified":"2020-01-24T09:05:09","modified_gmt":"2020-01-24T12:05:09","slug":"ricardo-darin-apoyo-la-legalizacion-de-la-marihuana-en-uruguay","status":"publish","type":"post","link":"https:\/\/www.cordobatimes.com\/showup\/famosos\/2014\/07\/04\/ricardo-darin-apoyo-la-legalizacion-de-la-marihuana-en-uruguay\/","title":{"rendered":"Ricardo Dar\u00edn apoy\u00f3 la legalizaci\u00f3n de la marihuana en Uruguay"},"content":{"rendered":"<h3 style=\"text-align: justify;\"><b>El reconocido actor se mostr\u00f3 a favor de la medida y \u00a0calific\u00f3 de \u00a0\u201cinteligente\u201d la pol\u00edtica desarrollada por el Gobierno de Jos\u00e9 Mujica.<\/b><\/h3>\n<p style=\"text-align: justify;\">En di\u00e1logo con el sitio RT, Dar\u00edn dijo sobre el consumo y el combate al narcotr\u00e1fico: \u201cEn el caso de Uruguay, estoy ansioso por ver cu\u00e1l es el resultado de esta pol\u00edtica. Me parece una pol\u00edtica inteligente. Est\u00e1 b\u00e1sicamente orientada hacia el narcotr\u00e1fico\u201d.<\/p>\n<p style=\"text-align: justify;\">Y asegur\u00f3: \u201c\u00bfQu\u00e9 es lo que ha generado el narcotr\u00e1fico a trav\u00e9s de los a\u00f1os y estas \u00faltimas d\u00e9cadas?. Criminalidad, delincuencia y homicidios. Es un caldo de cultivos\u201d<\/p>\n<p style=\"text-align: justify;\">\u201cUruguay tuvo mucha valent\u00eda. Me parece que probablemente, les vaya bien\u201d, dijo.<\/p>\n<p style=\"text-align: justify;\">Para ejemplificar, mencion\u00f3 a Holanda. \u201cEs un estado que quiere a sus ciudadanos. Tuvieron un problema enorme de adicci\u00f3n a la hero\u00edna, durante muchos a\u00f1os, y el Estado decidi\u00f3 hacerse cargo del problema que ten\u00edan sus ciudadanos y esto es algo que los Estados deber\u00edan entender\u201d<\/p>\n<p style=\"text-align: justify;\">\u201cEsta cosa de criminalizar al adicto es una locura, no sirve, no va a ning\u00fan lado positivo\u201d, asegur\u00f3.<\/p>\n<p style=\"text-align: justify;\">\u201cUn Estado fuerte debe hacerse cargo de sus ciudadanos, porque si no, nos demuestra que solamente nos ama y adora a la hora de las elecciones, pero no a la hora de los problemas\u201d, sostuvo Dar\u00edn.<\/p>\n","protected":false},"excerpt":{"rendered":"<p>El reconocido actor se mostr\u00f3 a favor de la medida y \u00a0calific\u00f3 de \u00a0\u201cinteligente\u201d la pol\u00edtica desarrollada por el Gobierno de Jos\u00e9 Mujica. En di\u00e1logo con el sitio RT, Dar\u00edn dijo sobre el consumo y el combate al narcotr\u00e1fico: \u201cEn el caso de Uruguay, estoy ansioso por ver cu\u00e1l es el resultado de esta pol\u00edtica. [&hellip;]<\/p>\n","protected":false},"author":9,"featured_media":24239,"comment_status":"closed","ping_status":"closed","sticky":false,"template":"","format":"standard","meta":{"_seopress_robots_primary_cat":"","_seopress_titles_title":"","_seopress_titles_desc":"","_seopress_robots_index":"","footnotes":""},"categories":[4],"tags":[28614,7898,28615],"class_list":{"0":"post-24231","1":"post","2":"type-post","3":"status-publish","4":"format-standard","5":"has-post-thumbnail","7":"category-famosos","8":"tag-legalizacion-de-la-marihuana-en-uruguay","9":"tag-legalizacion-de-marihuana","10":"tag-ricardo-darin-legalizacion-de-la-marihuana"},"_links":{"self":[{"href":"https:\/\/www.cordobatimes.com\/showup\/wp-json\/wp\/v2\/posts\/24231","targetHints":{"allow":["GET"]}}],"collection":[{"href":"https:\/\/www.cordobatimes.com\/showup\/wp-json\/wp\/v2\/posts"}],"about":[{"href":"https:\/\/www.cordobatimes.com\/showup\/wp-json\/wp\/v2\/types\/post"}],"author":[{"embeddable":true,"href":"https:\/\/www.cordobatimes.com\/showup\/wp-json\/wp\/v2\/users\/9"}],"replies":[{"embeddable":true,"href":"https:\/\/www.cordobatimes.com\/showup\/wp-json\/wp\/v2\/comments?post=24231"}],"version-history":[{"count":0,"href":"https:\/\/www.cordobatimes.com\/showup\/wp-json\/wp\/v2\/posts\/24231\/revisions"}],"wp:featuredmedia":[{"embeddable":true,"href":"https:\/\/www.cordobatimes.com\/showup\/wp-json\/wp\/v2\/media\/24239"}],"wp:attachment":[{"href":"https:\/\/www.cordobatimes.com\/showup\/wp-json\/wp\/v2\/media?parent=24231"}],"wp:term":[{"taxonomy":"category","embeddable":true,"href":"https:\/\/www.cordobatimes.com\/showup\/wp-json\/wp\/v2\/categories?post=24231"},{"taxonomy":"post_tag","embeddable":true,"href":"https:\/\/www.cordobatimes.com\/showup\/wp-json\/wp\/v2\/tags?post=24231"}],"curies":[{"name":"wp","href":"https:\/\/api.w.org\/{rel}","templated":true}]}}