{"id":24229,"date":"2014-07-04T18:00:42","date_gmt":"2014-07-04T21:00:42","guid":{"rendered":"http:\/\/cordobatimes.com\/showup\/?p=24229"},"modified":"2020-01-24T09:11:19","modified_gmt":"2020-01-24T12:11:19","slug":"gonzalo-valenzuela-hablo-de-su-separacion-con-juana-viale","status":"publish","type":"post","link":"https:\/\/www.cordobatimes.com\/showup\/famosos\/2014\/07\/04\/gonzalo-valenzuela-hablo-de-su-separacion-con-juana-viale\/","title":{"rendered":"Gonzalo Valenzuela habl\u00f3 de su separaci\u00f3n con Juana Viale"},"content":{"rendered":"<h3 style=\"text-align: justify;\"><strong>Luego de la silenciosa \u00a0ruptura, el actor chileno decidi\u00f3 hablar en una entrevista y contar detalles de c\u00f3mo termin\u00f3 su relaci\u00f3n con la nieta de Mirtha. \u00a0<\/strong><\/h3>\n<p style=\"text-align: justify;\">\u00abEl nuestro fue un matrimonio muy lindo, de muchos a\u00f1os, de gran comunicaci\u00f3n; no veo ning\u00fan fracaso. Y si nos hicimos da\u00f1o, nos equivocamos y pasaron un mill\u00f3n de cosas, es parte de la naturaleza humana equivocarse y aprender. Es muy importante que la gente entienda que nadie nos puede quitar el derecho al error; quien no lo haga, no aprende\u00bb, confes\u00f3 en declaraciones a la revista chilena Caras.<\/p>\n<p style=\"text-align: justify;\">\u00abA m\u00ed me funcion\u00f3 muy bien mi matrimonio, ahora si uno se basa en las reglas de la Iglesia Cat\u00f3lica \u00b4de que es para toda la vida y hasta el lecho de muerte\u00b4, claro, fracasamos, pero no eran mis reglas\u00bb, detall\u00f3.<\/p>\n<p>En la entrevista, el actor tambi\u00e9n critic\u00f3 con todo a Luis Ventura: \u00abS\u00f3lo una vez enfrent\u00e9 a un periodista argentino porque ya era degenerado lo que hac\u00eda. Y hoy ese tipo ahora est\u00e1 en Buenos Aires todo cagado, con 50 demandas, en la ruina y con riesgo de ir preso, creo que anunci\u00f3 que se retira. Yo, en cambio, con trabajo y con una vida que me sigue dando puras alegr\u00edas\u00bb.<\/p>\n<p style=\"text-align: justify;\">Recordemos que el enfrentamiento se gener\u00f3 a partir de la publicaci\u00f3n de las fotos de Juana Viale bes\u00e1ndose con Mart\u00edn Lousteau.<\/p>\n","protected":false},"excerpt":{"rendered":"<p>Luego de la silenciosa \u00a0ruptura, el actor chileno decidi\u00f3 hablar en una entrevista y contar detalles de c\u00f3mo termin\u00f3 su relaci\u00f3n con la nieta de Mirtha. \u00a0 \u00abEl nuestro fue un matrimonio muy lindo, de muchos a\u00f1os, de gran comunicaci\u00f3n; no veo ning\u00fan fracaso. Y si nos hicimos da\u00f1o, nos equivocamos y pasaron un mill\u00f3n [&hellip;]<\/p>\n","protected":false},"author":9,"featured_media":24237,"comment_status":"closed","ping_status":"closed","sticky":false,"template":"","format":"standard","meta":{"_seopress_robots_primary_cat":"","_seopress_titles_title":"","_seopress_titles_desc":"","_seopress_robots_index":"","footnotes":""},"categories":[4],"tags":[28616,28617,27300],"class_list":{"0":"post-24229","1":"post","2":"type-post","3":"status-publish","4":"format-standard","5":"has-post-thumbnail","7":"category-famosos","8":"tag-gonzalo-valenzuela-juana-viale","9":"tag-gonzalo-valenzuela-separacion-con-juana-viale","10":"tag-separacion-de-juana-viale-y-gonzalo-valenzuela"},"_links":{"self":[{"href":"https:\/\/www.cordobatimes.com\/showup\/wp-json\/wp\/v2\/posts\/24229","targetHints":{"allow":["GET"]}}],"collection":[{"href":"https:\/\/www.cordobatimes.com\/showup\/wp-json\/wp\/v2\/posts"}],"about":[{"href":"https:\/\/www.cordobatimes.com\/showup\/wp-json\/wp\/v2\/types\/post"}],"author":[{"embeddable":true,"href":"https:\/\/www.cordobatimes.com\/showup\/wp-json\/wp\/v2\/users\/9"}],"replies":[{"embeddable":true,"href":"https:\/\/www.cordobatimes.com\/showup\/wp-json\/wp\/v2\/comments?post=24229"}],"version-history":[{"count":0,"href":"https:\/\/www.cordobatimes.com\/showup\/wp-json\/wp\/v2\/posts\/24229\/revisions"}],"wp:featuredmedia":[{"embeddable":true,"href":"https:\/\/www.cordobatimes.com\/showup\/wp-json\/wp\/v2\/media\/24237"}],"wp:attachment":[{"href":"https:\/\/www.cordobatimes.com\/showup\/wp-json\/wp\/v2\/media?parent=24229"}],"wp:term":[{"taxonomy":"category","embeddable":true,"href":"https:\/\/www.cordobatimes.com\/showup\/wp-json\/wp\/v2\/categories?post=24229"},{"taxonomy":"post_tag","embeddable":true,"href":"https:\/\/www.cordobatimes.com\/showup\/wp-json\/wp\/v2\/tags?post=24229"}],"curies":[{"name":"wp","href":"https:\/\/api.w.org\/{rel}","templated":true}]}}