{"id":24135,"date":"2014-07-06T19:21:57","date_gmt":"2014-07-06T22:21:57","guid":{"rendered":"http:\/\/cordobatimes.com\/showup\/?p=24135"},"modified":"2020-01-23T20:46:43","modified_gmt":"2020-01-23T23:46:43","slug":"el-preso-mas-lindo-del-mundo-se-convertira-en-modelo","status":"publish","type":"post","link":"https:\/\/www.cordobatimes.com\/showup\/curiosidades\/2014\/07\/06\/el-preso-mas-lindo-del-mundo-se-convertira-en-modelo\/","title":{"rendered":"El \u00abpreso m\u00e1s lindo del mundo\u00bb se convertir\u00e1 en modelo"},"content":{"rendered":"<h3 style=\"text-align: justify;\"><strong>Jeremy Meeks, el reo californiano bautizado hace unos d\u00edas por las internautas como \u00abel m\u00e1s sexy\u00bb, ser\u00e1 representado por una agencia de Los \u00c1ngeles para iniciar su carrera como modelo.<\/strong><\/h3>\n<p style=\"text-align: justify;\">Gina Rodr\u00edguez, la mujer que ser\u00e1 su representante en la agencia Blaze Models, asegur\u00f3 a medios locales que cree que Meeks podr\u00eda embolsarse entre tres mil y cien mil d\u00f3lares al mes.<\/p>\n<p style=\"text-align: justify;\">Antes que ello ocurra, Meeks deber\u00e1 resolver sus problemas con la justicia: lleva preso dos semana y todav\u00eda no ha podido reunir el dinero para pagar la fianza que le exigen para salir de prisi\u00f3n.<\/p>\n<p style=\"text-align: justify;\">A vos, \u00bfqu\u00e9 te parece?<\/p>\n","protected":false},"excerpt":{"rendered":"<p>Jeremy Meeks, el reo californiano bautizado hace unos d\u00edas por las internautas como \u00abel m\u00e1s sexy\u00bb, ser\u00e1 representado por una agencia de Los \u00c1ngeles para iniciar su carrera como modelo. Gina Rodr\u00edguez, la mujer que ser\u00e1 su representante en la agencia Blaze Models, asegur\u00f3 a medios locales que cree que Meeks podr\u00eda embolsarse entre tres [&hellip;]<\/p>\n","protected":false},"author":9,"featured_media":24421,"comment_status":"closed","ping_status":"closed","sticky":false,"template":"","format":"standard","meta":{"_seopress_robots_primary_cat":"","_seopress_titles_title":"","_seopress_titles_desc":"","_seopress_robots_index":"","footnotes":""},"categories":[8],"tags":[7947,28600,28599],"class_list":{"0":"post-24135","1":"post","2":"type-post","3":"status-publish","4":"format-standard","5":"has-post-thumbnail","7":"category-curiosidades","8":"tag-el-preso-mas-sexy-sera-modelo","9":"tag-jeremy-meeks-preso-mas-lindo-del-mundo","10":"tag-jeremy-meeks-preso-mas-lindo-del-mundo-se-convertira-en-modelo"},"_links":{"self":[{"href":"https:\/\/www.cordobatimes.com\/showup\/wp-json\/wp\/v2\/posts\/24135","targetHints":{"allow":["GET"]}}],"collection":[{"href":"https:\/\/www.cordobatimes.com\/showup\/wp-json\/wp\/v2\/posts"}],"about":[{"href":"https:\/\/www.cordobatimes.com\/showup\/wp-json\/wp\/v2\/types\/post"}],"author":[{"embeddable":true,"href":"https:\/\/www.cordobatimes.com\/showup\/wp-json\/wp\/v2\/users\/9"}],"replies":[{"embeddable":true,"href":"https:\/\/www.cordobatimes.com\/showup\/wp-json\/wp\/v2\/comments?post=24135"}],"version-history":[{"count":0,"href":"https:\/\/www.cordobatimes.com\/showup\/wp-json\/wp\/v2\/posts\/24135\/revisions"}],"wp:featuredmedia":[{"embeddable":true,"href":"https:\/\/www.cordobatimes.com\/showup\/wp-json\/wp\/v2\/media\/24421"}],"wp:attachment":[{"href":"https:\/\/www.cordobatimes.com\/showup\/wp-json\/wp\/v2\/media?parent=24135"}],"wp:term":[{"taxonomy":"category","embeddable":true,"href":"https:\/\/www.cordobatimes.com\/showup\/wp-json\/wp\/v2\/categories?post=24135"},{"taxonomy":"post_tag","embeddable":true,"href":"https:\/\/www.cordobatimes.com\/showup\/wp-json\/wp\/v2\/tags?post=24135"}],"curies":[{"name":"wp","href":"https:\/\/api.w.org\/{rel}","templated":true}]}}