{"id":24133,"date":"2014-07-03T02:02:02","date_gmt":"2014-07-03T05:02:02","guid":{"rendered":"http:\/\/cordobatimes.com\/showup\/?p=24133"},"modified":"2020-01-24T11:47:03","modified_gmt":"2020-01-24T14:47:03","slug":"presentaron-a-los-nominados-de-los-premios-gardel-2014","status":"publish","type":"post","link":"https:\/\/www.cordobatimes.com\/showup\/musica\/2014\/07\/03\/presentaron-a-los-nominados-de-los-premios-gardel-2014\/","title":{"rendered":"Presentaron a los nominados de los Premios Gardel 2014"},"content":{"rendered":"<h3 style=\"text-align: justify;\"><strong>La C\u00e1mara Argentina de Productores de Fonogramas y Videogramas (CAPIF) dio a conocer este mi\u00e9rcoles la lista a lo mejor de la m\u00fasica de todo el territorio nacional.<\/strong><\/h3>\n<p style=\"text-align: justify;\">Con 46 ternas, los mejores artistas y las m\u00e1s destacadas bandas de la m\u00fasica argentina tendr\u00e1n su gran fiesta el pr\u00f3ximo 10 de septiembre en el Teatro Gran Rex.<\/p>\n<p style=\"text-align: justify;\">La banda con mayor cantidad de nominaciones fue Babas\u00f3nicos que con su \u00faltimo trabajo discogr\u00e1fico, \u00abRomantis\u00edsmico\u00bb competir\u00e1 en seis ternas: Mejor \u00c1lbum Grupo de Rock; Mejor Dise\u00f1o de Portada; Mejor Videoclip; Ingenier\u00eda de Grabaci\u00f3n; Canci\u00f3n del A\u00f1o y \u00c1lbum del A\u00f1o.<\/p>\n<p style=\"text-align: justify;\">Detr\u00e1s qued\u00f3 el gran ganador del 2013, el cantautor Abel Pintos quien se qued\u00f3 con cuatro nominaciones por \u00abAbel\u00bb al igual que Tan Bi\u00f3nica por \u00abDestinolog\u00eda\u00bb y Andr\u00e9s Calamaro competir\u00e1 en tres ternas con \u00abBohemio\u00bb.<\/p>\n<p style=\"text-align: justify;\">En tanto, para el mayor premio de la noche, el Gardel de Oro est\u00e1n en carrera Andr\u00e9s Calamaro, Abel Pintos, Tan Bi\u00f3nica, Babas\u00f3nicos y Fernando Samalea.<\/p>\n<p style=\"text-align: justify;\">La 16\u00ba edici\u00f3n de los Premios Gardel agreg\u00f3 a sus ternas la categor\u00eda \u00abMejor \u00c1lbum Rock Pesado\/Punk\u00bb y destac\u00f3 que recibieron \u00abinfinidad de producciones de todo el largo y el ancho del territorio argentino, de excelente calidad y producci\u00f3n\u00bb.<\/p>\n<p style=\"text-align: justify;\">El 10 de septiembre, el important\u00edsimo teatro de calle Corrientes recibir\u00e1 a todos los artistas en una noche en la que adem\u00e1s de una entrega de premios ser\u00e1 una verdadera fiesta de la m\u00fasica que contar\u00e1 con una gran producci\u00f3n e importantes shows en vivo.<\/p>\n<p style=\"text-align: justify;\">Fotograf\u00eda: Nicol\u00e1s Savine.<\/p>\n","protected":false},"excerpt":{"rendered":"<p>La C\u00e1mara Argentina de Productores de Fonogramas y Videogramas (CAPIF) dio a conocer este mi\u00e9rcoles la lista a lo mejor de la m\u00fasica de todo el territorio nacional. Con 46 ternas, los mejores artistas y las m\u00e1s destacadas bandas de la m\u00fasica argentina tendr\u00e1n su gran fiesta el pr\u00f3ximo 10 de septiembre en el Teatro [&hellip;]<\/p>\n","protected":false},"author":9,"featured_media":24143,"comment_status":"closed","ping_status":"closed","sticky":false,"template":"","format":"standard","meta":{"_seopress_robots_primary_cat":"","_seopress_titles_title":"","_seopress_titles_desc":"","_seopress_robots_index":"","footnotes":""},"categories":[5],"tags":[28633,9092],"class_list":{"0":"post-24133","1":"post","2":"type-post","3":"status-publish","4":"format-standard","5":"has-post-thumbnail","7":"category-musica","8":"tag-nominados-de-los-premios-gardel-2014","9":"tag-premios-gardel-2014"},"_links":{"self":[{"href":"https:\/\/www.cordobatimes.com\/showup\/wp-json\/wp\/v2\/posts\/24133","targetHints":{"allow":["GET"]}}],"collection":[{"href":"https:\/\/www.cordobatimes.com\/showup\/wp-json\/wp\/v2\/posts"}],"about":[{"href":"https:\/\/www.cordobatimes.com\/showup\/wp-json\/wp\/v2\/types\/post"}],"author":[{"embeddable":true,"href":"https:\/\/www.cordobatimes.com\/showup\/wp-json\/wp\/v2\/users\/9"}],"replies":[{"embeddable":true,"href":"https:\/\/www.cordobatimes.com\/showup\/wp-json\/wp\/v2\/comments?post=24133"}],"version-history":[{"count":0,"href":"https:\/\/www.cordobatimes.com\/showup\/wp-json\/wp\/v2\/posts\/24133\/revisions"}],"wp:featuredmedia":[{"embeddable":true,"href":"https:\/\/www.cordobatimes.com\/showup\/wp-json\/wp\/v2\/media\/24143"}],"wp:attachment":[{"href":"https:\/\/www.cordobatimes.com\/showup\/wp-json\/wp\/v2\/media?parent=24133"}],"wp:term":[{"taxonomy":"category","embeddable":true,"href":"https:\/\/www.cordobatimes.com\/showup\/wp-json\/wp\/v2\/categories?post=24133"},{"taxonomy":"post_tag","embeddable":true,"href":"https:\/\/www.cordobatimes.com\/showup\/wp-json\/wp\/v2\/tags?post=24133"}],"curies":[{"name":"wp","href":"https:\/\/api.w.org\/{rel}","templated":true}]}}