{"id":24123,"date":"2014-07-03T01:56:17","date_gmt":"2014-07-03T04:56:17","guid":{"rendered":"http:\/\/cordobatimes.com\/showup\/?p=24123"},"modified":"2020-01-24T11:49:41","modified_gmt":"2020-01-24T14:49:41","slug":"shakira-cerrara-el-mundial-de-brasil-video","status":"publish","type":"post","link":"https:\/\/www.cordobatimes.com\/showup\/musica\/2014\/07\/03\/shakira-cerrara-el-mundial-de-brasil-video\/","title":{"rendered":"Shakira cerrar\u00e1 el Mundial de Brasil (Video)"},"content":{"rendered":"<h3 style=\"text-align: justify;\"><strong>Una vez m\u00e1s, la colombiana ser\u00eda la encargada de la despedida \u00a0de la \u00a0Copa del Mundo de Brasil 2014.<\/strong><\/h3>\n<p style=\"text-align: justify;\">Despu\u00e9s de la pol\u00e9mica apertura del evento a nivel mundial, la cantante colombiana, cerrar\u00eda el evento de deporte m\u00e1s importante del mundo.<\/p>\n<p style=\"text-align: justify;\">Las cr\u00edticas sobre la apertura que realizaron Jennifer L\u00f3pez y Pitbull habr\u00edan influenciado en esta decisi\u00f3n. Ahora, la cantante colombiana tomar\u00eda la posta y ser\u00eda la encargada de cerrar con su show la Copa del Mundo.<\/p>\n<p style=\"text-align: justify;\">Shakira cantar\u00eda \u00abLa, La, La\u00bb, la canci\u00f3n que grab\u00f3 para el disco oficial del Mundial Brasil 2014, \u00abOne Love, One Rhythm\u00bb. De esta manera, la artista podr\u00eda cantar por tercera vez en un Mundial.<\/p>\n<p style=\"text-align: justify;\">El evento se realizar\u00e1 el 13 de julio en el Estadio Maracan\u00e1.<\/p>\n<p><iframe loading=\"lazy\" src=\"\/\/www.youtube.com\/embed\/-befR4wHsjQ\" width=\"560\" height=\"315\" frameborder=\"0\" allowfullscreen=\"allowfullscreen\"><\/iframe><\/p>\n","protected":false},"excerpt":{"rendered":"<p>Una vez m\u00e1s, la colombiana ser\u00eda la encargada de la despedida \u00a0de la \u00a0Copa del Mundo de Brasil 2014. Despu\u00e9s de la pol\u00e9mica apertura del evento a nivel mundial, la cantante colombiana, cerrar\u00eda el evento de deporte m\u00e1s importante del mundo. Las cr\u00edticas sobre la apertura que realizaron Jennifer L\u00f3pez y Pitbull habr\u00edan influenciado en [&hellip;]<\/p>\n","protected":false},"author":9,"featured_media":24141,"comment_status":"closed","ping_status":"closed","sticky":false,"template":"","format":"standard","meta":{"_seopress_robots_primary_cat":"","_seopress_titles_title":"","_seopress_titles_desc":"","_seopress_robots_index":"","footnotes":""},"categories":[5],"tags":[7867,4516,28634],"class_list":{"0":"post-24123","1":"post","2":"type-post","3":"status-publish","4":"format-standard","5":"has-post-thumbnail","7":"category-musica","8":"tag-cierre-mundial-de-brasil","9":"tag-copa-del-mundo-2014","10":"tag-shakira-cerrara-el-mundial-de-brasil"},"_links":{"self":[{"href":"https:\/\/www.cordobatimes.com\/showup\/wp-json\/wp\/v2\/posts\/24123","targetHints":{"allow":["GET"]}}],"collection":[{"href":"https:\/\/www.cordobatimes.com\/showup\/wp-json\/wp\/v2\/posts"}],"about":[{"href":"https:\/\/www.cordobatimes.com\/showup\/wp-json\/wp\/v2\/types\/post"}],"author":[{"embeddable":true,"href":"https:\/\/www.cordobatimes.com\/showup\/wp-json\/wp\/v2\/users\/9"}],"replies":[{"embeddable":true,"href":"https:\/\/www.cordobatimes.com\/showup\/wp-json\/wp\/v2\/comments?post=24123"}],"version-history":[{"count":0,"href":"https:\/\/www.cordobatimes.com\/showup\/wp-json\/wp\/v2\/posts\/24123\/revisions"}],"wp:featuredmedia":[{"embeddable":true,"href":"https:\/\/www.cordobatimes.com\/showup\/wp-json\/wp\/v2\/media\/24141"}],"wp:attachment":[{"href":"https:\/\/www.cordobatimes.com\/showup\/wp-json\/wp\/v2\/media?parent=24123"}],"wp:term":[{"taxonomy":"category","embeddable":true,"href":"https:\/\/www.cordobatimes.com\/showup\/wp-json\/wp\/v2\/categories?post=24123"},{"taxonomy":"post_tag","embeddable":true,"href":"https:\/\/www.cordobatimes.com\/showup\/wp-json\/wp\/v2\/tags?post=24123"}],"curies":[{"name":"wp","href":"https:\/\/api.w.org\/{rel}","templated":true}]}}