{"id":23909,"date":"2014-06-30T04:29:03","date_gmt":"2014-06-30T07:29:03","guid":{"rendered":"http:\/\/cordobatimes.com\/showup\/?p=23909"},"modified":"2020-01-14T18:46:13","modified_gmt":"2020-01-14T21:46:13","slug":"pablo-lescano-conto-como-vivio-su-adiccion-en-secretos-verdaderos-video","status":"publish","type":"post","link":"https:\/\/www.cordobatimes.com\/showup\/tv\/2014\/06\/30\/pablo-lescano-conto-como-vivio-su-adiccion-en-secretos-verdaderos-video\/","title":{"rendered":"Pablo Lescano cont\u00f3 c\u00f3mo vivi\u00f3 su adicci\u00f3n en \u00abSecretos Verdaderos\u00bb (Video)"},"content":{"rendered":"<h3 style=\"text-align: justify;\"><strong>El m\u00fasico habl\u00f3 con Luis Ventura \u00a0sobre su lucha contra el consumo de drogas y c\u00f3mo sali\u00f3 adelante.<\/strong><\/h3>\n<p style=\"text-align: justify;\">El cantante tropical estuvo internado un mes en un neuropsiqui\u00e1trico y confes\u00f3 que el tratamiento fue muy dif\u00edcil.\u00bbParte del disco r\u00edgido se borr\u00f3 de mi vida\u00bb, confes\u00f3 Pablo Lescano.<\/p>\n<p style=\"text-align: justify;\">\u00abLa droga es muy rica, por eso se falopean. A los que est\u00e1n en esa les digo que consulten a un profesional\u00bb, agreg\u00f3 el cantante tropical.<br \/>\n\u00abMi familia me dio mucho amor. Cuando sal\u00ed de la internaci\u00f3n tuve que cambiar de barrio, todo. La esquina tira. Hoy sal\u00ed de esa\u00bb, concluy\u00f3 Pablo Lescano.<\/p>\n<p style=\"text-align: justify;\">No te pierdas las emotivas declaraciones.<\/p>\n<p><iframe loading=\"lazy\" src=\"\/\/www.youtube.com\/embed\/d5NJdfY5-ZU\" width=\"420\" height=\"315\" frameborder=\"0\" allowfullscreen=\"allowfullscreen\"><\/iframe><\/p>\n","protected":false},"excerpt":{"rendered":"<p>El m\u00fasico habl\u00f3 con Luis Ventura \u00a0sobre su lucha contra el consumo de drogas y c\u00f3mo sali\u00f3 adelante. El cantante tropical estuvo internado un mes en un neuropsiqui\u00e1trico y confes\u00f3 que el tratamiento fue muy dif\u00edcil.\u00bbParte del disco r\u00edgido se borr\u00f3 de mi vida\u00bb, confes\u00f3 Pablo Lescano. \u00abLa droga es muy rica, por eso se [&hellip;]<\/p>\n","protected":false},"author":9,"featured_media":23922,"comment_status":"closed","ping_status":"closed","sticky":false,"template":"","format":"standard","meta":{"_seopress_robots_primary_cat":"","_seopress_titles_title":"","_seopress_titles_desc":"","_seopress_robots_index":"","footnotes":""},"categories":[2],"tags":[28218,28219],"class_list":{"0":"post-23909","1":"post","2":"type-post","3":"status-publish","4":"format-standard","5":"has-post-thumbnail","7":"category-tv","8":"tag-pablo-lescano-adiccion-a-las-drogas","9":"tag-pablo-lescano-secretos-verdaderos"},"_links":{"self":[{"href":"https:\/\/www.cordobatimes.com\/showup\/wp-json\/wp\/v2\/posts\/23909","targetHints":{"allow":["GET"]}}],"collection":[{"href":"https:\/\/www.cordobatimes.com\/showup\/wp-json\/wp\/v2\/posts"}],"about":[{"href":"https:\/\/www.cordobatimes.com\/showup\/wp-json\/wp\/v2\/types\/post"}],"author":[{"embeddable":true,"href":"https:\/\/www.cordobatimes.com\/showup\/wp-json\/wp\/v2\/users\/9"}],"replies":[{"embeddable":true,"href":"https:\/\/www.cordobatimes.com\/showup\/wp-json\/wp\/v2\/comments?post=23909"}],"version-history":[{"count":0,"href":"https:\/\/www.cordobatimes.com\/showup\/wp-json\/wp\/v2\/posts\/23909\/revisions"}],"wp:featuredmedia":[{"embeddable":true,"href":"https:\/\/www.cordobatimes.com\/showup\/wp-json\/wp\/v2\/media\/23922"}],"wp:attachment":[{"href":"https:\/\/www.cordobatimes.com\/showup\/wp-json\/wp\/v2\/media?parent=23909"}],"wp:term":[{"taxonomy":"category","embeddable":true,"href":"https:\/\/www.cordobatimes.com\/showup\/wp-json\/wp\/v2\/categories?post=23909"},{"taxonomy":"post_tag","embeddable":true,"href":"https:\/\/www.cordobatimes.com\/showup\/wp-json\/wp\/v2\/tags?post=23909"}],"curies":[{"name":"wp","href":"https:\/\/api.w.org\/{rel}","templated":true}]}}