{"id":23803,"date":"2014-06-28T16:20:48","date_gmt":"2014-06-28T19:20:48","guid":{"rendered":"http:\/\/cordobatimes.com\/showup\/?p=23803"},"modified":"2020-01-14T20:06:38","modified_gmt":"2020-01-14T23:06:38","slug":"una-para-wanda-maxi-tiene-las-visitas-suspendidas","status":"publish","type":"post","link":"https:\/\/www.cordobatimes.com\/showup\/famosos\/2014\/06\/28\/una-para-wanda-maxi-tiene-las-visitas-suspendidas\/","title":{"rendered":"Una para Wanda: Maxi tiene las visitas suspendidas"},"content":{"rendered":"<h3 style=\"text-align: justify;\"><strong>El jugador se present\u00f3 ante la justicia con el fin de pedir la tenencia de los tres menores, frutos de su relaci\u00f3n con la modelo. Sin embargo, algo no sali\u00f3 bien y L\u00f3pez no podr\u00eda ver a sus hijos.<\/strong><\/h3>\n<p style=\"text-align: justify;\">Tras tener varias peleas con Wanda Nara, el jugador recurri\u00f3 ante el juez para solicitar la tenencia de los peque\u00f1os que tienen en com\u00fan: Valentino, Constantino y Benedicto.<\/p>\n<p style=\"text-align: justify;\">Sin embargo, el pedido habr\u00eda sido rechazado e incluso, el juez habr\u00eda suspendido al jugador las visitas a los nenes. Cabe recordar que la \u00faltima vez que fue a buscarlos tras la boda de Wanda con Mauro Icardi, todo termin\u00f3 con un gran esc\u00e1ndalo y tuvo que intervenir la polic\u00eda.<\/p>\n<p style=\"text-align: justify;\">De acuerdo con lo publicado por Teleshow, a\u00fan no estar\u00eda homologado el convenio de visitas y de vacaciones, raz\u00f3n por la cual el juez habr\u00eda tomado esa determinaci\u00f3n. De esta manera, Wanda estar\u00eda exenta de tener que llevarle los peque\u00f1os al jugador hasta que la Justicia vuelta a expedirse.<\/p>\n<p style=\"text-align: justify;\">L\u00f3pez habr\u00eda dejado gran parte del tiempo a los peque\u00f1os al cuidado de una ni\u00f1era y eso ser\u00eda lo que motiv\u00f3 al juez tomar esta decisi\u00f3n.<\/p>\n<p style=\"text-align: justify;\">En el corto plazo ambos deber\u00e1n tratar de mejorar el v\u00ednculo para convenir nuevas reglas para el cuidado de sus hijos, aunque esa situaci\u00f3n a\u00fan est\u00e1 lejos.<\/p>\n<p style=\"text-align: justify;\">Fuente: Infobae<\/p>\n","protected":false},"excerpt":{"rendered":"<p>El jugador se present\u00f3 ante la justicia con el fin de pedir la tenencia de los tres menores, frutos de su relaci\u00f3n con la modelo. Sin embargo, algo no sali\u00f3 bien y L\u00f3pez no podr\u00eda ver a sus hijos. Tras tener varias peleas con Wanda Nara, el jugador recurri\u00f3 ante el juez para solicitar la [&hellip;]<\/p>\n","protected":false},"author":8,"featured_media":23807,"comment_status":"closed","ping_status":"closed","sticky":false,"template":"","format":"standard","meta":{"_seopress_robots_primary_cat":"","_seopress_titles_title":"","_seopress_titles_desc":"","_seopress_robots_index":"","footnotes":""},"categories":[4],"tags":[28227,8171,7569],"class_list":{"0":"post-23803","1":"post","2":"type-post","3":"status-publish","4":"format-standard","5":"has-post-thumbnail","7":"category-famosos","8":"tag-el-regimen-de-visitas-de-maxi-lopez-con-sus-hijos","9":"tag-hijos-de-wanda-nara-y-maxi-lopez","10":"tag-wanda-nara-maxi-lopez"},"_links":{"self":[{"href":"https:\/\/www.cordobatimes.com\/showup\/wp-json\/wp\/v2\/posts\/23803","targetHints":{"allow":["GET"]}}],"collection":[{"href":"https:\/\/www.cordobatimes.com\/showup\/wp-json\/wp\/v2\/posts"}],"about":[{"href":"https:\/\/www.cordobatimes.com\/showup\/wp-json\/wp\/v2\/types\/post"}],"author":[{"embeddable":true,"href":"https:\/\/www.cordobatimes.com\/showup\/wp-json\/wp\/v2\/users\/8"}],"replies":[{"embeddable":true,"href":"https:\/\/www.cordobatimes.com\/showup\/wp-json\/wp\/v2\/comments?post=23803"}],"version-history":[{"count":0,"href":"https:\/\/www.cordobatimes.com\/showup\/wp-json\/wp\/v2\/posts\/23803\/revisions"}],"wp:featuredmedia":[{"embeddable":true,"href":"https:\/\/www.cordobatimes.com\/showup\/wp-json\/wp\/v2\/media\/23807"}],"wp:attachment":[{"href":"https:\/\/www.cordobatimes.com\/showup\/wp-json\/wp\/v2\/media?parent=23803"}],"wp:term":[{"taxonomy":"category","embeddable":true,"href":"https:\/\/www.cordobatimes.com\/showup\/wp-json\/wp\/v2\/categories?post=23803"},{"taxonomy":"post_tag","embeddable":true,"href":"https:\/\/www.cordobatimes.com\/showup\/wp-json\/wp\/v2\/tags?post=23803"}],"curies":[{"name":"wp","href":"https:\/\/api.w.org\/{rel}","templated":true}]}}