{"id":23798,"date":"2014-06-28T20:31:01","date_gmt":"2014-06-28T23:31:01","guid":{"rendered":"http:\/\/cordobatimes.com\/showup\/?p=23798"},"modified":"2020-01-14T19:31:47","modified_gmt":"2020-01-14T22:31:47","slug":"joaquin-sabina-regresa-a-nuestro-pais-en-septiembre","status":"publish","type":"post","link":"https:\/\/www.cordobatimes.com\/showup\/agenda\/2014\/06\/28\/joaquin-sabina-regresa-a-nuestro-pais-en-septiembre\/","title":{"rendered":"Joaqu\u00edn Sabina regresa a nuestro pa\u00eds en Septiembre"},"content":{"rendered":"<h3 style=\"text-align: justify;\"><strong>Han pasado mas de tres a\u00f1os desde que el cantautor \u00a0realizara su \u00faltima gira en solitario por Sudam\u00e9rica y ahora regresa a nuestros escenarios.<\/strong><\/h3>\n<p style=\"text-align: justify;\">Durante los meses de septiembre y octubre pr\u00f3ximos una nueva gira tendr\u00e1 lugar y como novedad Sabina interpretar\u00e1 \u00edntegramente y en el mismo orden su disco original \u00ab19 D\u00edas y 500 Noches\u00bb, trabajo que sin duda ha sido su mayor \u00e9xito discogr\u00e1fico hasta la fecha y que da t\u00edtulo a la gira de este a\u00f1o: \u00ab500 Noches para una Crisis\u00bb.<\/p>\n<p style=\"text-align: justify;\">Editado en 1999, est\u00e1 compuesto por trece canciones con una duraci\u00f3n total de 71 minutos. Adem\u00e1s de esto, los temas m\u00e1s conocidos del cantante ser\u00e1n el complemento del repertorio de esta nueva propuesta en vivo, muchos de ellos con nuevos arreglos. La presentaci\u00f3n de algunas creaciones de su nuevo trabajo discogr\u00e1fico (a\u00fan en fase de composici\u00f3n) completar\u00e1n el contenido de estos conciertos.<\/p>\n<p style=\"text-align: justify;\">La escenograf\u00eda tendr\u00e1 una amplia pantalla central y en su totalidad ser\u00e1 alimentada por las pinturas y dibujos de Sabina, seleccionados de sus cuadernos de gira, algunos de los cuales forman parte de su \u00faltimo libro reci\u00e9n editado.<\/p>\n<p style=\"text-align: justify;\">Argentina, Chile, Per\u00fa, Uruguay y Paraguay ser\u00e1n los pa\u00edses visitados en esta ocasi\u00f3n.<\/p>\n<p style=\"text-align: justify;\">Las entradas estar\u00e1n a la venta a partir del Mi\u00e9rcoles 25 de Junio a las 20 hs. en TicketPortal y desde el Jueves 26 en las boleter\u00edas del Estadio Luna Park. Las funciones ser\u00e1n el \u00a03, 4, 9 y 11 de Septiembre<\/p>\n<p>&nbsp;<\/p>\n","protected":false},"excerpt":{"rendered":"<p>Han pasado mas de tres a\u00f1os desde que el cantautor \u00a0realizara su \u00faltima gira en solitario por Sudam\u00e9rica y ahora regresa a nuestros escenarios. Durante los meses de septiembre y octubre pr\u00f3ximos una nueva gira tendr\u00e1 lugar y como novedad Sabina interpretar\u00e1 \u00edntegramente y en el mismo orden su disco original \u00ab19 D\u00edas y 500 [&hellip;]<\/p>\n","protected":false},"author":9,"featured_media":23830,"comment_status":"closed","ping_status":"closed","sticky":false,"template":"","format":"standard","meta":{"_seopress_robots_primary_cat":"","_seopress_titles_title":"","_seopress_titles_desc":"","_seopress_robots_index":"","footnotes":""},"categories":[6],"tags":[7758,28222,7759],"class_list":{"0":"post-23798","1":"post","2":"type-post","3":"status-publish","4":"format-standard","5":"has-post-thumbnail","7":"category-agenda","8":"tag-gira-latinoamericana-de-sabina","9":"tag-joaquin-sabina-en-argentina","10":"tag-sabina-en-el-luna-park"},"_links":{"self":[{"href":"https:\/\/www.cordobatimes.com\/showup\/wp-json\/wp\/v2\/posts\/23798","targetHints":{"allow":["GET"]}}],"collection":[{"href":"https:\/\/www.cordobatimes.com\/showup\/wp-json\/wp\/v2\/posts"}],"about":[{"href":"https:\/\/www.cordobatimes.com\/showup\/wp-json\/wp\/v2\/types\/post"}],"author":[{"embeddable":true,"href":"https:\/\/www.cordobatimes.com\/showup\/wp-json\/wp\/v2\/users\/9"}],"replies":[{"embeddable":true,"href":"https:\/\/www.cordobatimes.com\/showup\/wp-json\/wp\/v2\/comments?post=23798"}],"version-history":[{"count":0,"href":"https:\/\/www.cordobatimes.com\/showup\/wp-json\/wp\/v2\/posts\/23798\/revisions"}],"wp:featuredmedia":[{"embeddable":true,"href":"https:\/\/www.cordobatimes.com\/showup\/wp-json\/wp\/v2\/media\/23830"}],"wp:attachment":[{"href":"https:\/\/www.cordobatimes.com\/showup\/wp-json\/wp\/v2\/media?parent=23798"}],"wp:term":[{"taxonomy":"category","embeddable":true,"href":"https:\/\/www.cordobatimes.com\/showup\/wp-json\/wp\/v2\/categories?post=23798"},{"taxonomy":"post_tag","embeddable":true,"href":"https:\/\/www.cordobatimes.com\/showup\/wp-json\/wp\/v2\/tags?post=23798"}],"curies":[{"name":"wp","href":"https:\/\/api.w.org\/{rel}","templated":true}]}}