{"id":23796,"date":"2014-06-28T18:57:45","date_gmt":"2014-06-28T21:57:45","guid":{"rendered":"http:\/\/cordobatimes.com\/showup\/?p=23796"},"modified":"2020-01-14T19:47:04","modified_gmt":"2020-01-14T22:47:04","slug":"gloria-gaynor-regresa-a-la-argentina","status":"publish","type":"post","link":"https:\/\/www.cordobatimes.com\/showup\/agenda\/2014\/06\/28\/gloria-gaynor-regresa-a-la-argentina\/","title":{"rendered":"Gloria Gaynor regresa a la Argentina"},"content":{"rendered":"<h3 style=\"text-align: justify;\"><strong>La reina de la m\u00fasica disco y del soul regresa a presentarse en nuestro pa\u00eds luego de 8 a\u00f1os de ausencia con su espect\u00e1culo \u201cLive in Sudam\u00e9rica\u201d. Las presentaciones ser\u00e1n en Buenos Aires y en C\u00f3rdoba el 10 y el 13 de septiembre respectivamente.<\/strong><\/h3>\n<p style=\"text-align: justify;\">Con casi 40 a\u00f1os de carrera, la m\u00edtica Gloria Gaynor se presentar\u00e1 aqu\u00ed acompa\u00f1ada de 11 m\u00fasicos en un show que recorrer\u00e1 los grandes \u00e9xitos de su carrera.<\/p>\n<p style=\"text-align: justify;\">Cl\u00e1sicos como \u201cI will survive\u201d, \u201cNever can say goodbye\u201d y \u201cI\u2019am what I\u2019am\u201d ser\u00e1n tan s\u00f3lo algunos de \u00e9xitos que interpretar\u00e1 en estas dos actuaciones.<\/p>\n<p style=\"text-align: justify;\">Gloria Gaynor debut\u00f3 en 1966, a los 19 a\u00f1os con su primer contrato discogr\u00e1fico. En 1973 hizo historia con su disco \u00abNever Can Say Good-Bye\u00bb al posicionarse en el n\u00famero 1 en los charts de las grandes cadenas y convertirse en la primera canci\u00f3n de m\u00fasica disco en alcanzar el primer puesto.<\/p>\n<p style=\"text-align: justify;\">A partir de ese momento solo le sucedieron \u00e9xitos por m\u00e1s de 30 a\u00f1os. En septiembre de 2002, lanz\u00f3 el muy esperado \u00e1lbum titulado \u00abI Wish You Love\u00bb. Ese fue su primer lanzamiento mundial en 15 a\u00f1os. \u201cI Wish You Loce\u201d tuvo 4 singles n\u00famero 1 en los Billboards Dance Charts.<\/p>\n<p style=\"text-align: justify;\">Fuente: partedelshow.com<\/p>\n","protected":false},"excerpt":{"rendered":"<p>La reina de la m\u00fasica disco y del soul regresa a presentarse en nuestro pa\u00eds luego de 8 a\u00f1os de ausencia con su espect\u00e1culo \u201cLive in Sudam\u00e9rica\u201d. Las presentaciones ser\u00e1n en Buenos Aires y en C\u00f3rdoba el 10 y el 13 de septiembre respectivamente. Con casi 40 a\u00f1os de carrera, la m\u00edtica Gloria Gaynor se [&hellip;]<\/p>\n","protected":false},"author":9,"featured_media":23828,"comment_status":"closed","ping_status":"closed","sticky":false,"template":"","format":"standard","meta":{"_seopress_robots_primary_cat":"","_seopress_titles_title":"","_seopress_titles_desc":"","_seopress_robots_index":"","footnotes":""},"categories":[6],"tags":[7755,7756],"class_list":{"0":"post-23796","1":"post","2":"type-post","3":"status-publish","4":"format-standard","5":"has-post-thumbnail","7":"category-agenda","8":"tag-gloria-gaynor-en-argentina","9":"tag-glorio-gaynor-en-cordoba"},"_links":{"self":[{"href":"https:\/\/www.cordobatimes.com\/showup\/wp-json\/wp\/v2\/posts\/23796","targetHints":{"allow":["GET"]}}],"collection":[{"href":"https:\/\/www.cordobatimes.com\/showup\/wp-json\/wp\/v2\/posts"}],"about":[{"href":"https:\/\/www.cordobatimes.com\/showup\/wp-json\/wp\/v2\/types\/post"}],"author":[{"embeddable":true,"href":"https:\/\/www.cordobatimes.com\/showup\/wp-json\/wp\/v2\/users\/9"}],"replies":[{"embeddable":true,"href":"https:\/\/www.cordobatimes.com\/showup\/wp-json\/wp\/v2\/comments?post=23796"}],"version-history":[{"count":0,"href":"https:\/\/www.cordobatimes.com\/showup\/wp-json\/wp\/v2\/posts\/23796\/revisions"}],"wp:featuredmedia":[{"embeddable":true,"href":"https:\/\/www.cordobatimes.com\/showup\/wp-json\/wp\/v2\/media\/23828"}],"wp:attachment":[{"href":"https:\/\/www.cordobatimes.com\/showup\/wp-json\/wp\/v2\/media?parent=23796"}],"wp:term":[{"taxonomy":"category","embeddable":true,"href":"https:\/\/www.cordobatimes.com\/showup\/wp-json\/wp\/v2\/categories?post=23796"},{"taxonomy":"post_tag","embeddable":true,"href":"https:\/\/www.cordobatimes.com\/showup\/wp-json\/wp\/v2\/tags?post=23796"}],"curies":[{"name":"wp","href":"https:\/\/api.w.org\/{rel}","templated":true}]}}