{"id":23772,"date":"2014-06-29T04:59:35","date_gmt":"2014-06-29T07:59:35","guid":{"rendered":"http:\/\/cordobatimes.com\/showup\/?p=23772"},"modified":"2020-01-14T19:15:53","modified_gmt":"2020-01-14T22:15:53","slug":"ricardo-arjona-sumo-dos-nuevos-show","status":"publish","type":"post","link":"https:\/\/www.cordobatimes.com\/showup\/agenda\/2014\/06\/29\/ricardo-arjona-sumo-dos-nuevos-show\/","title":{"rendered":"Ricardo Arjona sum\u00f3 dos nuevos show"},"content":{"rendered":"<h3 style=\"text-align: justify;\"><strong>El m\u00fasico no se detiene en la Argentina: por el \u00e9xito de convocatoria, dos fechas se adicionaron a las cinco en GEBA que ya hab\u00edan sido anunciadas.<\/strong><\/h3>\n<p style=\"text-align: justify;\">Los nuevos recitales confirmados del Viaje Tour 2014 ser\u00e1n el 26 y 27 de septiembre. Adem\u00e1s, el artista guatemalteco se presentar\u00e1 el 17, 18, 19, 29 y 21 de septiembre.<\/p>\n<p style=\"text-align: justify;\">Con estos conciertos en los que mostrar\u00e1 su \u00faltimo disco, \u00abViaje\u00bb, Arjona alcanz\u00f3 un r\u00e9cord: es el primer artista en actuar siete veces en el Estadio GEBA. Se espera que m\u00e1s de 140 mil personas lo vean en acci\u00f3n arriba del escenario.<\/p>\n<p style=\"text-align: justify;\">Las entradas para ver al cantante en estas nuevas fechas estar\u00e1n a la venta a partir del 3 de julio en TopShow.com.ar y en las boleter\u00edas de GEBA.<\/p>\n<p><iframe loading=\"lazy\" src=\"\/\/www.youtube.com\/embed\/NspeO7eK_CM\" width=\"560\" height=\"315\" frameborder=\"0\" allowfullscreen=\"allowfullscreen\"><\/iframe><\/p>\n<p>Fuente: infobae.com<\/p>\n","protected":false},"excerpt":{"rendered":"<p>El m\u00fasico no se detiene en la Argentina: por el \u00e9xito de convocatoria, dos fechas se adicionaron a las cinco en GEBA que ya hab\u00edan sido anunciadas. Los nuevos recitales confirmados del Viaje Tour 2014 ser\u00e1n el 26 y 27 de septiembre. Adem\u00e1s, el artista guatemalteco se presentar\u00e1 el 17, 18, 19, 29 y 21 [&hellip;]<\/p>\n","protected":false},"author":9,"featured_media":23857,"comment_status":"closed","ping_status":"closed","sticky":false,"template":"","format":"standard","meta":{"_seopress_robots_primary_cat":"","_seopress_titles_title":"","_seopress_titles_desc":"","_seopress_robots_index":"","footnotes":""},"categories":[6],"tags":[7770,6458],"class_list":{"0":"post-23772","1":"post","2":"type-post","3":"status-publish","4":"format-standard","5":"has-post-thumbnail","7":"category-agenda","8":"tag-dos-nuevos-shows-de-arjona","9":"tag-ricardo-arjona-en-argentina"},"_links":{"self":[{"href":"https:\/\/www.cordobatimes.com\/showup\/wp-json\/wp\/v2\/posts\/23772","targetHints":{"allow":["GET"]}}],"collection":[{"href":"https:\/\/www.cordobatimes.com\/showup\/wp-json\/wp\/v2\/posts"}],"about":[{"href":"https:\/\/www.cordobatimes.com\/showup\/wp-json\/wp\/v2\/types\/post"}],"author":[{"embeddable":true,"href":"https:\/\/www.cordobatimes.com\/showup\/wp-json\/wp\/v2\/users\/9"}],"replies":[{"embeddable":true,"href":"https:\/\/www.cordobatimes.com\/showup\/wp-json\/wp\/v2\/comments?post=23772"}],"version-history":[{"count":0,"href":"https:\/\/www.cordobatimes.com\/showup\/wp-json\/wp\/v2\/posts\/23772\/revisions"}],"wp:featuredmedia":[{"embeddable":true,"href":"https:\/\/www.cordobatimes.com\/showup\/wp-json\/wp\/v2\/media\/23857"}],"wp:attachment":[{"href":"https:\/\/www.cordobatimes.com\/showup\/wp-json\/wp\/v2\/media?parent=23772"}],"wp:term":[{"taxonomy":"category","embeddable":true,"href":"https:\/\/www.cordobatimes.com\/showup\/wp-json\/wp\/v2\/categories?post=23772"},{"taxonomy":"post_tag","embeddable":true,"href":"https:\/\/www.cordobatimes.com\/showup\/wp-json\/wp\/v2\/tags?post=23772"}],"curies":[{"name":"wp","href":"https:\/\/api.w.org\/{rel}","templated":true}]}}