{"id":23545,"date":"2014-06-25T20:54:58","date_gmt":"2014-06-25T23:54:58","guid":{"rendered":"http:\/\/cordobatimes.com\/showup\/?p=23545"},"modified":"2020-01-14T21:18:50","modified_gmt":"2020-01-15T00:18:50","slug":"the-walking-dead-cinco-pistas-de-la-5ta-temporada","status":"publish","type":"post","link":"https:\/\/www.cordobatimes.com\/showup\/cine-y-series\/2014\/06\/25\/the-walking-dead-cinco-pistas-de-la-5ta-temporada\/","title":{"rendered":"The Walking Dead: cinco pistas de la 5ta temporada"},"content":{"rendered":"<h3 style=\"text-align: justify;\"><strong>\u00abTWD\u00bb es una de las series que guarda con m\u00e1s celo todo lo relacionado con sus nuevas temporadas. Prueba de ello son los pocos detalles desvelados hasta ahora sobre su quinta entrega, que ver\u00e1 la luz reci\u00e9n en el mes en octubre.<\/strong><\/h3>\n<p style=\"text-align: justify;\">Por ahora, \u00a0el detalle m\u00e1s relevante es la afirmaci\u00f3n por parte de la productora ejecutiva de que \u00abel primer episodio de la quinta temporada es, de lejos, el m\u00e1s grande\u00bb de toda la serie.<\/p>\n<p style=\"text-align: justify;\">Por la red circulan numerosas pistas sobre qu\u00e9 podr\u00e1n ver los seguidores de \u00abThe Walking Dead\u00bb en la nueva tanda de episodios, ac\u00e1 te las enumeramos:<\/p>\n<p style=\"text-align: justify;\"><strong>CAN\u00cdBALES<\/strong><\/p>\n<p style=\"text-align: justify;\">Desde los \u00faltimos episodios de la cuarta temporada, en los que Terminus y sus habitantes cobraron m\u00e1s protagonismo, los rumores sobre la aparici\u00f3n de Los Can\u00edbales de los c\u00f3mics en la serie han ido cobrando m\u00e1s fuerza.<\/p>\n<p style=\"text-align: justify;\">Como detalle: los productores est\u00e1n buscando a alguien que encaje con la descripci\u00f3n de \u00abun amputado, con una sola pierna\u00bb. En los c\u00f3mics, los can\u00edbales capturaron a Dale y le amputaron una pierna para que su \u00abcarne\u00bb aguantara m\u00e1s tiempo.<\/p>\n<p style=\"text-align: justify;\"><strong>LOS MILITARES<\/strong><\/p>\n<p style=\"text-align: justify;\">En el set de rodaje de la quinta temporada ha habido mucho movimiento de veh\u00edculos militares, seg\u00fan recoge el portal Comic Book. Esto podr\u00eda apuntar a que todav\u00eda hay organismos gubernamentales funcionando en medio del apocal\u00edpsis zombie.<\/p>\n<p style=\"text-align: justify;\">Tambi\u00e9n es posible que los supervivientes busquen suministros en alg\u00fan refugio militar que los caminantes asaltaron.<\/p>\n<p style=\"text-align: justify;\"><strong>LOS CAMINANTES<\/strong><\/p>\n<p style=\"text-align: justify;\">Han aparecido rumores, persistentes, de que una posible horda de caminantes asaltar\u00e1 Terminus favoreciendo que Rick y sus compa\u00f1eros escapen del contenedor en el que los habitantes de la estaci\u00f3n les encerraron en el \u00faltimo episodio de la cuarta entrega.<\/p>\n<p style=\"text-align: justify;\"><strong>EL DESTINO DE ALGUNOS PERSONAJES<\/strong><\/p>\n<p style=\"text-align: justify;\">No todos los supervivientes est\u00e1n encerrados en Terminus. Nada se sabe sobre el destino que correr\u00e1n Beth Greene, Carol Pelletier, Judith Grimes y Tyreese.<\/p>\n<p style=\"text-align: justify;\">Se espera que Carol y Tyreese lleguen juntos a la peque\u00f1a casa de los Grimes a Terminus, pero el destino de Beth es incierto desde que fuera secuestrada en la cuarta temporada.<\/p>\n<p style=\"text-align: justify;\">Scott Gimple, uno de los productores ejecutivos de The Walking Dead, ha confirmado que el destino de Beth ser\u00eda un momento clave de la quinta entrega.<\/p>\n<p style=\"text-align: justify;\"><strong>ALGUIEN MUERE<\/strong><\/p>\n<p style=\"text-align: justify;\">Durante el rodaje saltaron los rumores de la muerte de Glenn tras una peculiar escena de acci\u00f3n rodada a principios de junio, y aunque parece poco probable, ya que poco despu\u00e9s aparece junto a un grupo de personajes que no podr\u00edan aparecer en un flashback, ning\u00fan combate pasa sin incidentes en The Walking Dead.<\/p>\n","protected":false},"excerpt":{"rendered":"<p>\u00abTWD\u00bb es una de las series que guarda con m\u00e1s celo todo lo relacionado con sus nuevas temporadas. Prueba de ello son los pocos detalles desvelados hasta ahora sobre su quinta entrega, que ver\u00e1 la luz reci\u00e9n en el mes en octubre. Por ahora, \u00a0el detalle m\u00e1s relevante es la afirmaci\u00f3n por parte de la [&hellip;]<\/p>\n","protected":false},"author":9,"featured_media":23643,"comment_status":"closed","ping_status":"closed","sticky":false,"template":"","format":"standard","meta":{"_seopress_robots_primary_cat":"","_seopress_titles_title":"","_seopress_titles_desc":"","_seopress_robots_index":"","footnotes":""},"categories":[3],"tags":[7693,28239],"class_list":{"0":"post-23545","1":"post","2":"type-post","3":"status-publish","4":"format-standard","5":"has-post-thumbnail","7":"category-cine-y-series","8":"tag-5ta-temporada-de-the-walking-dead","9":"tag-cinco-pistas-de-la-5ta-temporada-the-walking-dead"},"_links":{"self":[{"href":"https:\/\/www.cordobatimes.com\/showup\/wp-json\/wp\/v2\/posts\/23545","targetHints":{"allow":["GET"]}}],"collection":[{"href":"https:\/\/www.cordobatimes.com\/showup\/wp-json\/wp\/v2\/posts"}],"about":[{"href":"https:\/\/www.cordobatimes.com\/showup\/wp-json\/wp\/v2\/types\/post"}],"author":[{"embeddable":true,"href":"https:\/\/www.cordobatimes.com\/showup\/wp-json\/wp\/v2\/users\/9"}],"replies":[{"embeddable":true,"href":"https:\/\/www.cordobatimes.com\/showup\/wp-json\/wp\/v2\/comments?post=23545"}],"version-history":[{"count":0,"href":"https:\/\/www.cordobatimes.com\/showup\/wp-json\/wp\/v2\/posts\/23545\/revisions"}],"wp:featuredmedia":[{"embeddable":true,"href":"https:\/\/www.cordobatimes.com\/showup\/wp-json\/wp\/v2\/media\/23643"}],"wp:attachment":[{"href":"https:\/\/www.cordobatimes.com\/showup\/wp-json\/wp\/v2\/media?parent=23545"}],"wp:term":[{"taxonomy":"category","embeddable":true,"href":"https:\/\/www.cordobatimes.com\/showup\/wp-json\/wp\/v2\/categories?post=23545"},{"taxonomy":"post_tag","embeddable":true,"href":"https:\/\/www.cordobatimes.com\/showup\/wp-json\/wp\/v2\/tags?post=23545"}],"curies":[{"name":"wp","href":"https:\/\/api.w.org\/{rel}","templated":true}]}}