{"id":23450,"date":"2014-06-24T06:12:51","date_gmt":"2014-06-24T09:12:51","guid":{"rendered":"http:\/\/cordobatimes.com\/showup\/?p=23450"},"modified":"2020-01-15T11:43:10","modified_gmt":"2020-01-15T14:43:10","slug":"gustavo-cerati-fue-reconocido-como-ciudadano-ilustre-de-la-ciudad-de-buenos-aires","status":"publish","type":"post","link":"https:\/\/www.cordobatimes.com\/showup\/famosos\/2014\/06\/24\/gustavo-cerati-fue-reconocido-como-ciudadano-ilustre-de-la-ciudad-de-buenos-aires\/","title":{"rendered":"Gustavo Cerati fue reconocido como Ciudadano Ilustre de la ciudad de Buenos Aires"},"content":{"rendered":"<h3 style=\"text-align: justify;\"><strong>La madre y los hijos del m\u00fasico recibieron, en la Legislatura porte\u00f1a, la distinci\u00f3n con la cual los diputados distinguieron en diciembre pasado al talentoso rockero argentino.<\/strong><\/h3>\n<p style=\"text-align: justify;\">El ex l\u00edder de Soda Stereo permanece internado en una cl\u00ednica porte\u00f1a, desde mayo del 2010 tras sufrir un accidente cerebrovascular, mientras giraba por Venezuela.<\/p>\n<p style=\"text-align: justify;\">La entrega de la declaraci\u00f3n se llev\u00f3 a cabo en el sal\u00f3n Eva Per\u00f3n de la Legislatura, donde se hicieron presentes Lilian Clark, mam\u00e1 del m\u00fasico, y los hijos de Cerati, Benito y Lisa Cerati, as\u00ed como los diputados con mandato cumplido Claudio Presman y Rub\u00e9n Campos, quienes impulsaron la ley que dio origen al homenaje.<\/p>\n<p style=\"text-align: justify;\">La norma que declar\u00f3 a Cerati como Ciudadano Ilustre fue votada en la sesi\u00f3n ordinaria del 5 de diciembre de 2013.<\/p>\n<p style=\"text-align: justify;\">Aplausos para este reconocimiento.<\/p>\n<p style=\"text-align: justify;\"><a href=\"http:\/\/cordobatimes.com\/showup\/wp-content\/uploads\/2014\/06\/cerati.jpg\"><img loading=\"lazy\" decoding=\"async\" class=\"alignnone size-full wp-image-23456\" src=\"http:\/\/cordobatimes.com\/showup\/wp-content\/uploads\/2014\/06\/cerati.jpg\" alt=\"cerati\" width=\"800\" height=\"533\" data-id=\"23456\" srcset=\"https:\/\/www.cordobatimes.com\/showup\/wp-content\/uploads\/2014\/06\/cerati.jpg 800w, https:\/\/www.cordobatimes.com\/showup\/wp-content\/uploads\/2014\/06\/cerati-300x199.jpg 300w, https:\/\/www.cordobatimes.com\/showup\/wp-content\/uploads\/2014\/06\/cerati-600x399.jpg 600w\" sizes=\"auto, (max-width: 800px) 100vw, 800px\" \/><\/a><\/p>\n<p style=\"text-align: justify;\"><a href=\"http:\/\/cordobatimes.com\/showup\/wp-content\/uploads\/2014\/06\/cerati-1.jpg\"><img loading=\"lazy\" decoding=\"async\" class=\"alignnone size-full wp-image-23457\" src=\"http:\/\/cordobatimes.com\/showup\/wp-content\/uploads\/2014\/06\/cerati-1.jpg\" alt=\"cerati 1\" width=\"800\" height=\"533\" data-id=\"23457\" srcset=\"https:\/\/www.cordobatimes.com\/showup\/wp-content\/uploads\/2014\/06\/cerati-1.jpg 800w, https:\/\/www.cordobatimes.com\/showup\/wp-content\/uploads\/2014\/06\/cerati-1-300x199.jpg 300w, https:\/\/www.cordobatimes.com\/showup\/wp-content\/uploads\/2014\/06\/cerati-1-600x399.jpg 600w\" sizes=\"auto, (max-width: 800px) 100vw, 800px\" \/><\/a><\/p>\n<p style=\"text-align: justify;\">Las im\u00e1genes fueron publicadas por su familia en su cuenta oficial de Facebook y Twitter.<\/p>\n<p>&nbsp;<\/p>\n","protected":false},"excerpt":{"rendered":"<p>La madre y los hijos del m\u00fasico recibieron, en la Legislatura porte\u00f1a, la distinci\u00f3n con la cual los diputados distinguieron en diciembre pasado al talentoso rockero argentino. El ex l\u00edder de Soda Stereo permanece internado en una cl\u00ednica porte\u00f1a, desde mayo del 2010 tras sufrir un accidente cerebrovascular, mientras giraba por Venezuela. La entrega de [&hellip;]<\/p>\n","protected":false},"author":9,"featured_media":23455,"comment_status":"closed","ping_status":"closed","sticky":false,"template":"","format":"standard","meta":{"_seopress_robots_primary_cat":"","_seopress_titles_title":"","_seopress_titles_desc":"","_seopress_robots_index":"","footnotes":""},"categories":[4],"tags":[28248],"class_list":{"0":"post-23450","1":"post","2":"type-post","3":"status-publish","4":"format-standard","5":"has-post-thumbnail","7":"category-famosos","8":"tag-gustavo-cerati-ciudadano-ilustre-de-la-ciudad-de-buenos-aires"},"_links":{"self":[{"href":"https:\/\/www.cordobatimes.com\/showup\/wp-json\/wp\/v2\/posts\/23450","targetHints":{"allow":["GET"]}}],"collection":[{"href":"https:\/\/www.cordobatimes.com\/showup\/wp-json\/wp\/v2\/posts"}],"about":[{"href":"https:\/\/www.cordobatimes.com\/showup\/wp-json\/wp\/v2\/types\/post"}],"author":[{"embeddable":true,"href":"https:\/\/www.cordobatimes.com\/showup\/wp-json\/wp\/v2\/users\/9"}],"replies":[{"embeddable":true,"href":"https:\/\/www.cordobatimes.com\/showup\/wp-json\/wp\/v2\/comments?post=23450"}],"version-history":[{"count":0,"href":"https:\/\/www.cordobatimes.com\/showup\/wp-json\/wp\/v2\/posts\/23450\/revisions"}],"wp:featuredmedia":[{"embeddable":true,"href":"https:\/\/www.cordobatimes.com\/showup\/wp-json\/wp\/v2\/media\/23455"}],"wp:attachment":[{"href":"https:\/\/www.cordobatimes.com\/showup\/wp-json\/wp\/v2\/media?parent=23450"}],"wp:term":[{"taxonomy":"category","embeddable":true,"href":"https:\/\/www.cordobatimes.com\/showup\/wp-json\/wp\/v2\/categories?post=23450"},{"taxonomy":"post_tag","embeddable":true,"href":"https:\/\/www.cordobatimes.com\/showup\/wp-json\/wp\/v2\/tags?post=23450"}],"curies":[{"name":"wp","href":"https:\/\/api.w.org\/{rel}","templated":true}]}}