{"id":23442,"date":"2014-06-24T07:02:31","date_gmt":"2014-06-24T10:02:31","guid":{"rendered":"http:\/\/cordobatimes.com\/showup\/?p=23442"},"modified":"2020-01-15T11:36:54","modified_gmt":"2020-01-15T14:36:54","slug":"lenny-kravitz-estreno-nuevo-clip-video","status":"publish","type":"post","link":"https:\/\/www.cordobatimes.com\/showup\/musica\/2014\/06\/24\/lenny-kravitz-estreno-nuevo-clip-video\/","title":{"rendered":"Lenny Kravitz estren\u00f3 nuevo clip (Video)"},"content":{"rendered":"<h3 style=\"text-align: justify;\"><strong>El artista norteamericano publicar\u00e1 el pr\u00f3ximo 23 de septiembre, a trav\u00e9s de su propio sello discogr\u00e1fico \u00abRoxie Records\u00bb, su d\u00e9cimo \u00e1lbum de estudio, \u201cStrut\u201d.<\/strong><\/h3>\n<p style=\"text-align: justify;\">El tema difusi\u00f3n se llama \u00abThe Chamber\u00bb y llega acompa\u00f1ada de un lyric video. Vendr\u00e1 incluida en \u00abStrut\u00bb, su d\u00e9cimo trabajo discogr\u00e1fico el cual saldr\u00e1 a la venta el 23 de septiembre.<\/p>\n<p style=\"text-align: justify;\">Como un peque\u00f1o adelanto, el m\u00fasico comparti\u00f3 un poco de lo que ser\u00e1 su pr\u00f3ximo \u00e9xito.<\/p>\n<p style=\"text-align: justify;\">El ganador de cuatro premios Grammy ha vendido m\u00e1s de 38 millones de copias de sus discos. El \u00faltimo hasta la fecha es \u00abBlack and White America\u00bb, editado en 2011.<\/p>\n<p style=\"text-align: justify;\">No te pierdas el video.<\/p>\n<p><iframe loading=\"lazy\" src=\"\/\/www.youtube.com\/embed\/3ATxLct2jDo\" width=\"560\" height=\"315\" frameborder=\"0\" allowfullscreen=\"allowfullscreen\"><\/iframe><\/p>\n","protected":false},"excerpt":{"rendered":"<p>El artista norteamericano publicar\u00e1 el pr\u00f3ximo 23 de septiembre, a trav\u00e9s de su propio sello discogr\u00e1fico \u00abRoxie Records\u00bb, su d\u00e9cimo \u00e1lbum de estudio, \u201cStrut\u201d. El tema difusi\u00f3n se llama \u00abThe Chamber\u00bb y llega acompa\u00f1ada de un lyric video. Vendr\u00e1 incluida en \u00abStrut\u00bb, su d\u00e9cimo trabajo discogr\u00e1fico el cual saldr\u00e1 a la venta el 23 de [&hellip;]<\/p>\n","protected":false},"author":9,"featured_media":23477,"comment_status":"closed","ping_status":"closed","sticky":false,"template":"","format":"standard","meta":{"_seopress_robots_primary_cat":"","_seopress_titles_title":"","_seopress_titles_desc":"","_seopress_robots_index":"","footnotes":""},"categories":[5],"tags":[28247],"class_list":{"0":"post-23442","1":"post","2":"type-post","3":"status-publish","4":"format-standard","5":"has-post-thumbnail","7":"category-musica","8":"tag-lenny-kravitz-the-chamber"},"_links":{"self":[{"href":"https:\/\/www.cordobatimes.com\/showup\/wp-json\/wp\/v2\/posts\/23442","targetHints":{"allow":["GET"]}}],"collection":[{"href":"https:\/\/www.cordobatimes.com\/showup\/wp-json\/wp\/v2\/posts"}],"about":[{"href":"https:\/\/www.cordobatimes.com\/showup\/wp-json\/wp\/v2\/types\/post"}],"author":[{"embeddable":true,"href":"https:\/\/www.cordobatimes.com\/showup\/wp-json\/wp\/v2\/users\/9"}],"replies":[{"embeddable":true,"href":"https:\/\/www.cordobatimes.com\/showup\/wp-json\/wp\/v2\/comments?post=23442"}],"version-history":[{"count":0,"href":"https:\/\/www.cordobatimes.com\/showup\/wp-json\/wp\/v2\/posts\/23442\/revisions"}],"wp:featuredmedia":[{"embeddable":true,"href":"https:\/\/www.cordobatimes.com\/showup\/wp-json\/wp\/v2\/media\/23477"}],"wp:attachment":[{"href":"https:\/\/www.cordobatimes.com\/showup\/wp-json\/wp\/v2\/media?parent=23442"}],"wp:term":[{"taxonomy":"category","embeddable":true,"href":"https:\/\/www.cordobatimes.com\/showup\/wp-json\/wp\/v2\/categories?post=23442"},{"taxonomy":"post_tag","embeddable":true,"href":"https:\/\/www.cordobatimes.com\/showup\/wp-json\/wp\/v2\/tags?post=23442"}],"curies":[{"name":"wp","href":"https:\/\/api.w.org\/{rel}","templated":true}]}}