{"id":23423,"date":"2014-06-23T17:47:29","date_gmt":"2014-06-23T20:47:29","guid":{"rendered":"http:\/\/cordobatimes.com\/showup\/?p=23423"},"modified":"2020-01-15T11:53:23","modified_gmt":"2020-01-15T14:53:23","slug":"condenaron-a-dos-anos-de-prision-a-isabel-pantoja","status":"publish","type":"post","link":"https:\/\/www.cordobatimes.com\/showup\/famosos\/2014\/06\/23\/condenaron-a-dos-anos-de-prision-a-isabel-pantoja\/","title":{"rendered":"Condenaron a dos a\u00f1os de prisi\u00f3n a Isabel Pantoja"},"content":{"rendered":"<h3 style=\"text-align: justify;\"><strong>La Justicia espa\u00f1ola confirm\u00f3 hoy la condena para la cantante por lavado de dinero, al haber ayudado al ex alcalde de Marbella Juli\u00e1n Mu\u00f1oz a ocultar dinero il\u00edcito cuando era su pareja.<\/strong><\/h3>\n<p style=\"text-align: justify;\">La confirmaci\u00f3n de los dos a\u00f1os de prisi\u00f3n por parte del Tribunal Supremo significa que previsiblemente la cantante no ir\u00e1 a la c\u00e1rcel, ya que carece de antecedentes penales, seg\u00fan detalla DPA.<\/p>\n<p style=\"text-align: justify;\">Pantoja, de 57 a\u00f1os, fue juzgada junto a Mu\u00f1oz, la ex mujer de este, Maite Zald\u00edvar, -condenados tambi\u00e9n a penas de prisi\u00f3n y multas- y a otros cuatro acusados, en un juicio que despert\u00f3 gran expectaci\u00f3n medi\u00e1tica.<\/p>\n<p style=\"text-align: justify;\">La cantante y Mu\u00f1oz iniciaron su relaci\u00f3n sentimental en 2003, un romance que oficialmente lleg\u00f3 hasta 2009, cuando confirmaron la ruptura despu\u00e9s de que el ya ex alcalde hubiera pasado una temporada en la c\u00e1rcel.<\/p>\n<p style=\"text-align: justify;\">Mu\u00f1oz fue detenido en julio de 2006, tras una moci\u00f3n de censura que lo hab\u00eda sacado de la alcald\u00eda de Marbella. Estaba en el centro de la \u00abOperaci\u00f3n Malaya\u00bb, que destap\u00f3 la mayor red de corrupci\u00f3n urban\u00edstica e institucional en la historia de Espa\u00f1a y de la que se deriva la causa por la que \u00e9l y Pantoja han sido juzgados ahora.<\/p>\n<p style=\"text-align: justify;\">La Audiencia Provincial de M\u00e1laga consider\u00f3 probado que durante esa relaci\u00f3n \u00abejecutaron un plan preconcebido para aflorar dinero y ganancias\u00bb que el ex alcalde de Marbella obtuvo en sus actividades delictivas. Ese plan pasaba por confundir y mezclar el dinero il\u00edcito de \u00e9l con el que ella obten\u00eda de su trabajo como cantante y de las empresas que ten\u00eda. Ninguno ha dado \u00abuna sola explicaci\u00f3n coherente -menos a\u00fan cre\u00edble- sobre tales hechos y datos\u00bb, se\u00f1al\u00f3 el tribunal.<\/p>\n<p style=\"text-align: justify;\">Fotograf\u00eda: El mundo de Espa\u00f1a.<\/p>\n","protected":false},"excerpt":{"rendered":"<p>La Justicia espa\u00f1ola confirm\u00f3 hoy la condena para la cantante por lavado de dinero, al haber ayudado al ex alcalde de Marbella Juli\u00e1n Mu\u00f1oz a ocultar dinero il\u00edcito cuando era su pareja. La confirmaci\u00f3n de los dos a\u00f1os de prisi\u00f3n por parte del Tribunal Supremo significa que previsiblemente la cantante no ir\u00e1 a la c\u00e1rcel, [&hellip;]<\/p>\n","protected":false},"author":9,"featured_media":23430,"comment_status":"closed","ping_status":"closed","sticky":false,"template":"","format":"standard","meta":{"_seopress_robots_primary_cat":"","_seopress_titles_title":"","_seopress_titles_desc":"","_seopress_robots_index":"","footnotes":""},"categories":[4],"tags":[7648,28249],"class_list":{"0":"post-23423","1":"post","2":"type-post","3":"status-publish","4":"format-standard","5":"has-post-thumbnail","7":"category-famosos","8":"tag-dos-anos-de-prision-para-isabel-pantoja","9":"tag-prision-a-isabel-pantoja"},"_links":{"self":[{"href":"https:\/\/www.cordobatimes.com\/showup\/wp-json\/wp\/v2\/posts\/23423","targetHints":{"allow":["GET"]}}],"collection":[{"href":"https:\/\/www.cordobatimes.com\/showup\/wp-json\/wp\/v2\/posts"}],"about":[{"href":"https:\/\/www.cordobatimes.com\/showup\/wp-json\/wp\/v2\/types\/post"}],"author":[{"embeddable":true,"href":"https:\/\/www.cordobatimes.com\/showup\/wp-json\/wp\/v2\/users\/9"}],"replies":[{"embeddable":true,"href":"https:\/\/www.cordobatimes.com\/showup\/wp-json\/wp\/v2\/comments?post=23423"}],"version-history":[{"count":0,"href":"https:\/\/www.cordobatimes.com\/showup\/wp-json\/wp\/v2\/posts\/23423\/revisions"}],"wp:featuredmedia":[{"embeddable":true,"href":"https:\/\/www.cordobatimes.com\/showup\/wp-json\/wp\/v2\/media\/23430"}],"wp:attachment":[{"href":"https:\/\/www.cordobatimes.com\/showup\/wp-json\/wp\/v2\/media?parent=23423"}],"wp:term":[{"taxonomy":"category","embeddable":true,"href":"https:\/\/www.cordobatimes.com\/showup\/wp-json\/wp\/v2\/categories?post=23423"},{"taxonomy":"post_tag","embeddable":true,"href":"https:\/\/www.cordobatimes.com\/showup\/wp-json\/wp\/v2\/tags?post=23423"}],"curies":[{"name":"wp","href":"https:\/\/api.w.org\/{rel}","templated":true}]}}