{"id":23284,"date":"2014-06-21T19:16:40","date_gmt":"2014-06-21T22:16:40","guid":{"rendered":"http:\/\/cordobatimes.com\/showup\/?p=23284"},"modified":"2020-01-15T17:57:18","modified_gmt":"2020-01-15T20:57:18","slug":"las-mujeres-contentas-el-festejo-en-el-vestuario","status":"publish","type":"post","link":"https:\/\/www.cordobatimes.com\/showup\/famosos\/2014\/06\/21\/las-mujeres-contentas-el-festejo-en-el-vestuario\/","title":{"rendered":"Las mujeres contentas: el festejo en el vestuario"},"content":{"rendered":"<h3 style=\"text-align: justify;\"><strong>El Pocho Lavezzi, quien entr\u00f3 en el segundo tiempo del partido de Argentina ante Ir\u00e1n, subi\u00f3 una imagen a su cuenta de Instagram que lo muestra a \u00e9l, a Messi, Di Mar\u00eda, Maxi Rodr\u00edguez y Demichelis sin la camiseta.<\/strong><\/h3>\n<p style=\"text-align: justify;\">Uno de los \u00abm\u00e1s lindos\u00bb de la selecci\u00f3n pens\u00f3 en la platea femenina que se deleit\u00f3 con los cuerpos de nuestros jugadores sin la remera puesta.<\/p>\n<p style=\"text-align: justify;\">\u00abVictoria important\u00edsima, esfuerzo incre\u00edble del equipo!!#vamos #argentina #micho #maxi #fide\u00bb escribi\u00f3 el actual jugador del Paris Sanit Germain.<\/p>\n<p><iframe loading=\"lazy\" src=\"\/\/instagram.com\/p\/phAZHtRqeY\/embed\/\" width=\"612\" height=\"710\" frameborder=\"0\" scrolling=\"no\"><\/iframe><\/p>\n","protected":false},"excerpt":{"rendered":"<p>El Pocho Lavezzi, quien entr\u00f3 en el segundo tiempo del partido de Argentina ante Ir\u00e1n, subi\u00f3 una imagen a su cuenta de Instagram que lo muestra a \u00e9l, a Messi, Di Mar\u00eda, Maxi Rodr\u00edguez y Demichelis sin la camiseta. Uno de los \u00abm\u00e1s lindos\u00bb de la selecci\u00f3n pens\u00f3 en la platea femenina que se deleit\u00f3 [&hellip;]<\/p>\n","protected":false},"author":9,"featured_media":23286,"comment_status":"closed","ping_status":"closed","sticky":false,"template":"","format":"standard","meta":{"_seopress_robots_primary_cat":"","_seopress_titles_title":"","_seopress_titles_desc":"","_seopress_robots_index":"","footnotes":""},"categories":[4],"tags":[28259],"class_list":{"0":"post-23284","1":"post","2":"type-post","3":"status-publish","4":"format-standard","5":"has-post-thumbnail","7":"category-famosos","8":"tag-festejo-en-el-vestuario-de-la-seleccion-argentina"},"_links":{"self":[{"href":"https:\/\/www.cordobatimes.com\/showup\/wp-json\/wp\/v2\/posts\/23284","targetHints":{"allow":["GET"]}}],"collection":[{"href":"https:\/\/www.cordobatimes.com\/showup\/wp-json\/wp\/v2\/posts"}],"about":[{"href":"https:\/\/www.cordobatimes.com\/showup\/wp-json\/wp\/v2\/types\/post"}],"author":[{"embeddable":true,"href":"https:\/\/www.cordobatimes.com\/showup\/wp-json\/wp\/v2\/users\/9"}],"replies":[{"embeddable":true,"href":"https:\/\/www.cordobatimes.com\/showup\/wp-json\/wp\/v2\/comments?post=23284"}],"version-history":[{"count":0,"href":"https:\/\/www.cordobatimes.com\/showup\/wp-json\/wp\/v2\/posts\/23284\/revisions"}],"wp:featuredmedia":[{"embeddable":true,"href":"https:\/\/www.cordobatimes.com\/showup\/wp-json\/wp\/v2\/media\/23286"}],"wp:attachment":[{"href":"https:\/\/www.cordobatimes.com\/showup\/wp-json\/wp\/v2\/media?parent=23284"}],"wp:term":[{"taxonomy":"category","embeddable":true,"href":"https:\/\/www.cordobatimes.com\/showup\/wp-json\/wp\/v2\/categories?post=23284"},{"taxonomy":"post_tag","embeddable":true,"href":"https:\/\/www.cordobatimes.com\/showup\/wp-json\/wp\/v2\/tags?post=23284"}],"curies":[{"name":"wp","href":"https:\/\/api.w.org\/{rel}","templated":true}]}}