{"id":23195,"date":"2014-06-20T17:19:26","date_gmt":"2014-06-20T20:19:26","guid":{"rendered":"http:\/\/cordobatimes.com\/showup\/?p=23195"},"modified":"2020-01-15T18:45:24","modified_gmt":"2020-01-15T21:45:24","slug":"bon-jovi-compartio-una-cancion-inedita-de-1988-video","status":"publish","type":"post","link":"https:\/\/www.cordobatimes.com\/showup\/musica\/2014\/06\/20\/bon-jovi-compartio-una-cancion-inedita-de-1988-video\/","title":{"rendered":"Bon Jovi compart\u00edo una canci\u00f3n in\u00e9dita de 1988 (Video)"},"content":{"rendered":"<h3 style=\"text-align: justify;\"><strong>La banda estadounidense va a festejar su 30 aniversario de carrera musical con una campa\u00f1a de reediciones de sus discos que arrancar\u00e1 el 1 de julio con \u00abNew Jersey\u00bb, lanzado originalmente en 1988.<\/strong><\/h3>\n<p style=\"text-align: justify;\">As\u00ed, el gran \u00e9xito de aquella producci\u00f3n volver\u00e1 en una versi\u00f3n remasterizada, una edici\u00f3n de lujo con dos discos, y un formato especial con un DVD.<\/p>\n<p style=\"text-align: justify;\">Esta reedici\u00f3n&#8217; incluir\u00e1 tambi\u00e9n tres canciones publicadas originalmente como caras-b, as\u00ed como 13 maquetas in\u00e9ditas y un libro de 32 p\u00e1ginas con comentarios y fotograf\u00edas exclusivas de las sesiones de grabaci\u00f3n y la gira posterior.<\/p>\n<p style=\"text-align: justify;\">\u00a0Una de estas canciones in\u00e9ditas es \u00abNow and Forever\u00bb. Te dejamos un adelanto a continuaci\u00f3n.<\/p>\n<p><iframe loading=\"lazy\" src=\"https:\/\/music.yahoo.com\/video\/now-forever-004249715.html?format=embed\" width=\"640\" height=\"360\" frameborder=\"0\" scrolling=\"no\" allowfullscreen=\"allowfullscreen\"><\/iframe><\/p>\n<p>Fuente: culturaocio.com<\/p>\n","protected":false},"excerpt":{"rendered":"<p>La banda estadounidense va a festejar su 30 aniversario de carrera musical con una campa\u00f1a de reediciones de sus discos que arrancar\u00e1 el 1 de julio con \u00abNew Jersey\u00bb, lanzado originalmente en 1988. As\u00ed, el gran \u00e9xito de aquella producci\u00f3n volver\u00e1 en una versi\u00f3n remasterizada, una edici\u00f3n de lujo con dos discos, y un formato [&hellip;]<\/p>\n","protected":false},"author":9,"featured_media":23197,"comment_status":"closed","ping_status":"closed","sticky":false,"template":"","format":"standard","meta":{"_seopress_robots_primary_cat":"","_seopress_titles_title":"","_seopress_titles_desc":"","_seopress_robots_index":"","footnotes":""},"categories":[5],"tags":[28263],"class_list":{"0":"post-23195","1":"post","2":"type-post","3":"status-publish","4":"format-standard","5":"has-post-thumbnail","7":"category-musica","8":"tag-cancion-inedita-de-bon-jovi"},"_links":{"self":[{"href":"https:\/\/www.cordobatimes.com\/showup\/wp-json\/wp\/v2\/posts\/23195","targetHints":{"allow":["GET"]}}],"collection":[{"href":"https:\/\/www.cordobatimes.com\/showup\/wp-json\/wp\/v2\/posts"}],"about":[{"href":"https:\/\/www.cordobatimes.com\/showup\/wp-json\/wp\/v2\/types\/post"}],"author":[{"embeddable":true,"href":"https:\/\/www.cordobatimes.com\/showup\/wp-json\/wp\/v2\/users\/9"}],"replies":[{"embeddable":true,"href":"https:\/\/www.cordobatimes.com\/showup\/wp-json\/wp\/v2\/comments?post=23195"}],"version-history":[{"count":0,"href":"https:\/\/www.cordobatimes.com\/showup\/wp-json\/wp\/v2\/posts\/23195\/revisions"}],"wp:featuredmedia":[{"embeddable":true,"href":"https:\/\/www.cordobatimes.com\/showup\/wp-json\/wp\/v2\/media\/23197"}],"wp:attachment":[{"href":"https:\/\/www.cordobatimes.com\/showup\/wp-json\/wp\/v2\/media?parent=23195"}],"wp:term":[{"taxonomy":"category","embeddable":true,"href":"https:\/\/www.cordobatimes.com\/showup\/wp-json\/wp\/v2\/categories?post=23195"},{"taxonomy":"post_tag","embeddable":true,"href":"https:\/\/www.cordobatimes.com\/showup\/wp-json\/wp\/v2\/tags?post=23195"}],"curies":[{"name":"wp","href":"https:\/\/api.w.org\/{rel}","templated":true}]}}