{"id":23091,"date":"2014-06-19T13:59:22","date_gmt":"2014-06-19T16:59:22","guid":{"rendered":"http:\/\/cordobatimes.com\/showup\/?p=23091"},"modified":"2020-01-15T19:20:39","modified_gmt":"2020-01-15T22:20:39","slug":"nazarena-se-reencontro-con-gerardo-sofovich","status":"publish","type":"post","link":"https:\/\/www.cordobatimes.com\/showup\/famosos\/2014\/06\/19\/nazarena-se-reencontro-con-gerardo-sofovich\/","title":{"rendered":"Nazarena se reencontr\u00f3 con Gerardo Sofovich"},"content":{"rendered":"<h3 style=\"text-align: justify;\"><strong>Ya amigada con Flavia Palmiero y con Moria Cas\u00e1n; la actriz decidi\u00f3 volverse a ver con uno de sus \u00abcreadores\u00bb y gran amigo.\u00a0<\/strong><\/h3>\n<p style=\"text-align: justify;\">Nazarena V\u00e9lez quien fue su gran amiga y con quien luego estuvo varios a\u00f1os distanciada, ayer\u00a0mi\u00e9rcoles visit\u00f3 al conductor,\u00a0Gerardo Sofovich (77)\u00a0 y ambos reafirmaron su cari\u00f1o con un almuerzo y un sincero abrazo.<\/p>\n<p style=\"text-align: justify;\">\u00abEl almuerzo con Gerardo fue incre\u00edble porque los dos nos queremos y nos respetamos much\u00edsimo. A la vez fue muy fuerte porque fue la primera vez que me encontraba con \u00e9l despu\u00e9s de lo que pas\u00f3 con Fabi. Llor\u00e9 y re\u00ed. Pasamos m\u00e1s de dos horas m\u00e1s que agradables. Con Gerardo somos una familia. Yo lo conozco desde mis 14 a\u00f1os y este a\u00f1o cumplo 40. Hablamos de todo, de todo. Nos miramos a los ojos y entre nosotros no hay secretos. El sabe cuando estoy mal, cuando estoy bien, cuando como, cuando no\u00bb, le confi\u00f3 Nazarena a Ciudad.com.<\/p>\n<p style=\"text-align: justify;\">Sin dudas, el almuerzo sirvi\u00f3 para que V\u00e9lez y Sofovich vuelvan a valorar su v\u00ednculo personal y, capaz, alg\u00fan d\u00eda vuelvan a trabajar juntos. \u00abNuestra relaci\u00f3n est\u00e1 intacta, porque cuando el amor es verdadero es imposible que se manche. Vos con tu mam\u00e1, con tu pap\u00e1, con tu hermano te pod\u00e9s pelear, te pod\u00e9s putear y estar un tiempo sin verte, pero el amor est\u00e1 intacto. Cuando nos vimos, despu\u00e9s de lo que me pas\u00f3 a m\u00ed, nos fundimos en un abrazo y no hicieron falta las palabras\u00bb, concluy\u00f3.<\/p>\n<p><a href=\"http:\/\/cordobatimes.com\/showup\/wp-content\/uploads\/2014\/06\/naza1.jpg\"><img loading=\"lazy\" decoding=\"async\" class=\"alignnone size-full wp-image-23110\" src=\"http:\/\/cordobatimes.com\/showup\/wp-content\/uploads\/2014\/06\/naza1.jpg\" alt=\"naza\" width=\"1000\" height=\"800\" data-id=\"23110\" srcset=\"https:\/\/www.cordobatimes.com\/showup\/wp-content\/uploads\/2014\/06\/naza1.jpg 1000w, https:\/\/www.cordobatimes.com\/showup\/wp-content\/uploads\/2014\/06\/naza1-300x240.jpg 300w, https:\/\/www.cordobatimes.com\/showup\/wp-content\/uploads\/2014\/06\/naza1-600x480.jpg 600w\" sizes=\"auto, (max-width: 1000px) 100vw, 1000px\" \/><\/a><\/p>\n","protected":false},"excerpt":{"rendered":"<p>Ya amigada con Flavia Palmiero y con Moria Cas\u00e1n; la actriz decidi\u00f3 volverse a ver con uno de sus \u00abcreadores\u00bb y gran amigo.\u00a0 Nazarena V\u00e9lez quien fue su gran amiga y con quien luego estuvo varios a\u00f1os distanciada, ayer\u00a0mi\u00e9rcoles visit\u00f3 al conductor,\u00a0Gerardo Sofovich (77)\u00a0 y ambos reafirmaron su cari\u00f1o con un almuerzo y un sincero [&hellip;]<\/p>\n","protected":false},"author":9,"featured_media":23112,"comment_status":"closed","ping_status":"closed","sticky":false,"template":"","format":"standard","meta":{"_seopress_robots_primary_cat":"","_seopress_titles_title":"","_seopress_titles_desc":"","_seopress_robots_index":"","footnotes":""},"categories":[4],"tags":[28270],"class_list":{"0":"post-23091","1":"post","2":"type-post","3":"status-publish","4":"format-standard","5":"has-post-thumbnail","7":"category-famosos","8":"tag-nazarena-velez-gerardo-sofovich"},"_links":{"self":[{"href":"https:\/\/www.cordobatimes.com\/showup\/wp-json\/wp\/v2\/posts\/23091","targetHints":{"allow":["GET"]}}],"collection":[{"href":"https:\/\/www.cordobatimes.com\/showup\/wp-json\/wp\/v2\/posts"}],"about":[{"href":"https:\/\/www.cordobatimes.com\/showup\/wp-json\/wp\/v2\/types\/post"}],"author":[{"embeddable":true,"href":"https:\/\/www.cordobatimes.com\/showup\/wp-json\/wp\/v2\/users\/9"}],"replies":[{"embeddable":true,"href":"https:\/\/www.cordobatimes.com\/showup\/wp-json\/wp\/v2\/comments?post=23091"}],"version-history":[{"count":0,"href":"https:\/\/www.cordobatimes.com\/showup\/wp-json\/wp\/v2\/posts\/23091\/revisions"}],"wp:featuredmedia":[{"embeddable":true,"href":"https:\/\/www.cordobatimes.com\/showup\/wp-json\/wp\/v2\/media\/23112"}],"wp:attachment":[{"href":"https:\/\/www.cordobatimes.com\/showup\/wp-json\/wp\/v2\/media?parent=23091"}],"wp:term":[{"taxonomy":"category","embeddable":true,"href":"https:\/\/www.cordobatimes.com\/showup\/wp-json\/wp\/v2\/categories?post=23091"},{"taxonomy":"post_tag","embeddable":true,"href":"https:\/\/www.cordobatimes.com\/showup\/wp-json\/wp\/v2\/tags?post=23091"}],"curies":[{"name":"wp","href":"https:\/\/api.w.org\/{rel}","templated":true}]}}