{"id":23045,"date":"2014-06-18T18:03:52","date_gmt":"2014-06-18T21:03:52","guid":{"rendered":"http:\/\/cordobatimes.com\/showup\/?p=23045"},"modified":"2020-01-15T19:33:11","modified_gmt":"2020-01-15T22:33:11","slug":"pergolini-regresa-a-la-pantalla-chica","status":"publish","type":"post","link":"https:\/\/www.cordobatimes.com\/showup\/tv\/2014\/06\/18\/pergolini-regresa-a-la-pantalla-chica\/","title":{"rendered":"Mario Pergolini regresa a la pantalla chica"},"content":{"rendered":"<h3 style=\"text-align: justify;\"><strong>Esta ma\u00f1ana el reconocido conductor cont\u00f3 en la radio que vuelve a la tele: \u00abVuelvo a la televisi\u00f3n con un Late Night el a\u00f1o que viene\u00bb.<\/strong><\/h3>\n<p style=\"text-align: justify;\">Sin lugar a dudas fue una gran sorpresa este anuncio ya que parec\u00eda ser que el futuro laboral del conductor y empresario s\u00f3lo pasaba por radio Vorterix, seg\u00fan declaraciones que realiz\u00f3 hace algunos meses.<\/p>\n<p style=\"text-align: justify;\">\u00abNo entiendo la TV abierta. No la entiendo. Es para p\u00fablicos masivos. No me interesa. Se perdi\u00f3 aquello que hab\u00edamos generado para volver a comprar afuera. Adem\u00e1s, no me permitir\u00eda trabajar en la idea de otro. Me cuesta entender c\u00f3mo los tipos ven que baja el rating, que cada vez hay menos plata y nadie piensa Che, \u00bfy si hacemos algo mejor, no volver\u00e1 el rating y el dinero?\u00bb, se\u00f1alaba Pergolini.<\/p>\n<p style=\"text-align: justify;\">Por el momento anunci\u00f3 su vuelta a la televisi\u00f3n pero sin dar demasiados detalles. Resta saber en qu\u00e9 canal se lo podr\u00e1 ver al conductor en el 2015, una figura a quien muchos extra\u00f1an y otros tantos \u00a0desean tener entre sus contratados.<\/p>\n","protected":false},"excerpt":{"rendered":"<p>Esta ma\u00f1ana el reconocido conductor cont\u00f3 en la radio que vuelve a la tele: \u00abVuelvo a la televisi\u00f3n con un Late Night el a\u00f1o que viene\u00bb. Sin lugar a dudas fue una gran sorpresa este anuncio ya que parec\u00eda ser que el futuro laboral del conductor y empresario s\u00f3lo pasaba por radio Vorterix, seg\u00fan declaraciones [&hellip;]<\/p>\n","protected":false},"author":9,"featured_media":23058,"comment_status":"closed","ping_status":"closed","sticky":false,"template":"","format":"standard","meta":{"_seopress_robots_primary_cat":"","_seopress_titles_title":"","_seopress_titles_desc":"","_seopress_robots_index":"","footnotes":""},"categories":[2],"tags":[28272],"class_list":{"0":"post-23045","1":"post","2":"type-post","3":"status-publish","4":"format-standard","5":"has-post-thumbnail","7":"category-tv","8":"tag-mario-pergolini-late-night"},"_links":{"self":[{"href":"https:\/\/www.cordobatimes.com\/showup\/wp-json\/wp\/v2\/posts\/23045","targetHints":{"allow":["GET"]}}],"collection":[{"href":"https:\/\/www.cordobatimes.com\/showup\/wp-json\/wp\/v2\/posts"}],"about":[{"href":"https:\/\/www.cordobatimes.com\/showup\/wp-json\/wp\/v2\/types\/post"}],"author":[{"embeddable":true,"href":"https:\/\/www.cordobatimes.com\/showup\/wp-json\/wp\/v2\/users\/9"}],"replies":[{"embeddable":true,"href":"https:\/\/www.cordobatimes.com\/showup\/wp-json\/wp\/v2\/comments?post=23045"}],"version-history":[{"count":0,"href":"https:\/\/www.cordobatimes.com\/showup\/wp-json\/wp\/v2\/posts\/23045\/revisions"}],"wp:featuredmedia":[{"embeddable":true,"href":"https:\/\/www.cordobatimes.com\/showup\/wp-json\/wp\/v2\/media\/23058"}],"wp:attachment":[{"href":"https:\/\/www.cordobatimes.com\/showup\/wp-json\/wp\/v2\/media?parent=23045"}],"wp:term":[{"taxonomy":"category","embeddable":true,"href":"https:\/\/www.cordobatimes.com\/showup\/wp-json\/wp\/v2\/categories?post=23045"},{"taxonomy":"post_tag","embeddable":true,"href":"https:\/\/www.cordobatimes.com\/showup\/wp-json\/wp\/v2\/tags?post=23045"}],"curies":[{"name":"wp","href":"https:\/\/api.w.org\/{rel}","templated":true}]}}