{"id":23041,"date":"2014-06-18T18:21:26","date_gmt":"2014-06-18T21:21:26","guid":{"rendered":"http:\/\/cordobatimes.com\/showup\/?p=23041"},"modified":"2020-01-15T19:28:17","modified_gmt":"2020-01-15T22:28:17","slug":"abrieron-un-museo-solo-para-susana-gimenez","status":"publish","type":"post","link":"https:\/\/www.cordobatimes.com\/showup\/famosos\/2014\/06\/18\/abrieron-un-museo-solo-para-susana-gimenez\/","title":{"rendered":"Abrieron un museo s\u00f3lo para Susana Gim\u00e9nez"},"content":{"rendered":"<h3 style=\"text-align: justify;\"><strong>En el d\u00eda de hoy inauguraron la fant\u00e1stica muestra de la obra de Horace Lannes, un talentoso creador de vestuarios para el cine y el teatro argentino, en el Museo de Arte Decorativo.<\/strong><\/h3>\n<p style=\"text-align: justify;\">Esta muestra cuenta con vestidos, trajes, fotos y videos de la moda que usaron desde Mirtha Legrand a Zully Moreno, Olga Zubarry a Susana Gimenez.<\/p>\n<p style=\"text-align: justify;\">Fue justamente la diva de los tel\u00e9fonos la que quer\u00eda ver la exposici\u00f3n, hacer fotos para su revista y una producci\u00f3n para otra y por eso debieron abrirlo ayer\u00a0especialmente para ella y su equipo.<\/p>\n<p style=\"text-align: justify;\">Susana, que ya est\u00e1 en plena producci\u00f3n de su vuelta a la tele, qued\u00f3 encantada con la muestra y felicit\u00f3 a Lannes por mantener vivos los tesoros de nuestro cine.<\/p>\n<p style=\"text-align: justify;\">Fuente: laufbal.com<\/p>\n","protected":false},"excerpt":{"rendered":"<p>En el d\u00eda de hoy inauguraron la fant\u00e1stica muestra de la obra de Horace Lannes, un talentoso creador de vestuarios para el cine y el teatro argentino, en el Museo de Arte Decorativo. Esta muestra cuenta con vestidos, trajes, fotos y videos de la moda que usaron desde Mirtha Legrand a Zully Moreno, Olga Zubarry [&hellip;]<\/p>\n","protected":false},"author":9,"featured_media":23064,"comment_status":"closed","ping_status":"closed","sticky":false,"template":"","format":"standard","meta":{"_seopress_robots_primary_cat":"","_seopress_titles_title":"","_seopress_titles_desc":"","_seopress_robots_index":"","footnotes":""},"categories":[4],"tags":[28271],"class_list":{"0":"post-23041","1":"post","2":"type-post","3":"status-publish","4":"format-standard","5":"has-post-thumbnail","7":"category-famosos","8":"tag-museo-de-susana-gimenez"},"_links":{"self":[{"href":"https:\/\/www.cordobatimes.com\/showup\/wp-json\/wp\/v2\/posts\/23041","targetHints":{"allow":["GET"]}}],"collection":[{"href":"https:\/\/www.cordobatimes.com\/showup\/wp-json\/wp\/v2\/posts"}],"about":[{"href":"https:\/\/www.cordobatimes.com\/showup\/wp-json\/wp\/v2\/types\/post"}],"author":[{"embeddable":true,"href":"https:\/\/www.cordobatimes.com\/showup\/wp-json\/wp\/v2\/users\/9"}],"replies":[{"embeddable":true,"href":"https:\/\/www.cordobatimes.com\/showup\/wp-json\/wp\/v2\/comments?post=23041"}],"version-history":[{"count":0,"href":"https:\/\/www.cordobatimes.com\/showup\/wp-json\/wp\/v2\/posts\/23041\/revisions"}],"wp:featuredmedia":[{"embeddable":true,"href":"https:\/\/www.cordobatimes.com\/showup\/wp-json\/wp\/v2\/media\/23064"}],"wp:attachment":[{"href":"https:\/\/www.cordobatimes.com\/showup\/wp-json\/wp\/v2\/media?parent=23041"}],"wp:term":[{"taxonomy":"category","embeddable":true,"href":"https:\/\/www.cordobatimes.com\/showup\/wp-json\/wp\/v2\/categories?post=23041"},{"taxonomy":"post_tag","embeddable":true,"href":"https:\/\/www.cordobatimes.com\/showup\/wp-json\/wp\/v2\/tags?post=23041"}],"curies":[{"name":"wp","href":"https:\/\/api.w.org\/{rel}","templated":true}]}}