{"id":22955,"date":"2014-06-17T01:34:03","date_gmt":"2014-06-17T04:34:03","guid":{"rendered":"http:\/\/cordobatimes.com\/showup\/?p=22955"},"modified":"2020-01-16T13:30:55","modified_gmt":"2020-01-16T16:30:55","slug":"a-los-86-anos-fallecio-la-hermana-bernarda","status":"publish","type":"post","link":"https:\/\/www.cordobatimes.com\/showup\/famosos\/2014\/06\/17\/a-los-86-anos-fallecio-la-hermana-bernarda\/","title":{"rendered":"A los 86 a\u00f1os, falleci\u00f3 la Hermana Bernarda"},"content":{"rendered":"<h3 style=\"text-align: justify;\"><strong>Mar\u00eda Bernarda Seitz nos entretuvo durante a\u00f1os con sus tan especiales programas de cocina y sus recetas tan deliciosas.\u00a0<\/strong><\/h3>\n<p style=\"text-align: justify;\">Su habilidad en el rubro fue tan destacada, que hasta lanz\u00f3 libros y ten\u00eda su propio ciclo de televisi\u00f3n.<\/p>\n<p style=\"text-align: justify;\">Luego de pasar una semana internada tras haber sufrido un ACV, la monja se despidi\u00f3 de este mundo dejando un vac\u00edo gigante en todos sus seguidores, espectadores y \u00a0seres queridos.<\/p>\n<p style=\"text-align: justify;\">La noticia la dio a conocer el obispo Carlos Tissera, quien adem\u00e1s confirm\u00f3 que los sus restos ser\u00e1n velados en la capilla de su comunidad religiosa en Quilmes.<\/p>\n<p style=\"text-align: justify;\">Mar\u00eda Bernarda Seitz estaba a punto de cumplir 87 a\u00f1os. Pertenec\u00eda a la orden de las hermanas de la Santa Cruz y continuaba dando clases en la parroquia de los Dolores.<\/p>\n<p style=\"text-align: justify;\">Hija de Enrique y Barbara Seitz, naci\u00f3 el 19 de junio de 1927 como Florentina Seitz, en una familia de alemanes del Volga. Su infancia transcurri\u00f3 entre La Pampa y Coronel Su\u00e1rez, y m\u00e1s tarde en los campos de su padre en el sur de C\u00f3rdoba.<\/p>\n<p style=\"text-align: justify;\">A los 16 a\u00f1os ingres\u00f3 a la Congregaci\u00f3n de las Hermanas de la Santa Cruz, en donde recibi\u00f3 el nombre de Mar\u00eda Bernarda, en honor a la fundadora de la congregaci\u00f3n.<\/p>\n","protected":false},"excerpt":{"rendered":"<p>Mar\u00eda Bernarda Seitz nos entretuvo durante a\u00f1os con sus tan especiales programas de cocina y sus recetas tan deliciosas.\u00a0 Su habilidad en el rubro fue tan destacada, que hasta lanz\u00f3 libros y ten\u00eda su propio ciclo de televisi\u00f3n. Luego de pasar una semana internada tras haber sufrido un ACV, la monja se despidi\u00f3 de este [&hellip;]<\/p>\n","protected":false},"author":9,"featured_media":22959,"comment_status":"closed","ping_status":"closed","sticky":false,"template":"","format":"standard","meta":{"_seopress_robots_primary_cat":"","_seopress_titles_title":"","_seopress_titles_desc":"","_seopress_robots_index":"","footnotes":""},"categories":[4],"tags":[28283,7453],"class_list":{"0":"post-22955","1":"post","2":"type-post","3":"status-publish","4":"format-standard","5":"has-post-thumbnail","7":"category-famosos","8":"tag-muerte-de-la-hermana-bernarda","9":"tag-recetas-de-la-hermana-bernarda"},"_links":{"self":[{"href":"https:\/\/www.cordobatimes.com\/showup\/wp-json\/wp\/v2\/posts\/22955","targetHints":{"allow":["GET"]}}],"collection":[{"href":"https:\/\/www.cordobatimes.com\/showup\/wp-json\/wp\/v2\/posts"}],"about":[{"href":"https:\/\/www.cordobatimes.com\/showup\/wp-json\/wp\/v2\/types\/post"}],"author":[{"embeddable":true,"href":"https:\/\/www.cordobatimes.com\/showup\/wp-json\/wp\/v2\/users\/9"}],"replies":[{"embeddable":true,"href":"https:\/\/www.cordobatimes.com\/showup\/wp-json\/wp\/v2\/comments?post=22955"}],"version-history":[{"count":0,"href":"https:\/\/www.cordobatimes.com\/showup\/wp-json\/wp\/v2\/posts\/22955\/revisions"}],"wp:featuredmedia":[{"embeddable":true,"href":"https:\/\/www.cordobatimes.com\/showup\/wp-json\/wp\/v2\/media\/22959"}],"wp:attachment":[{"href":"https:\/\/www.cordobatimes.com\/showup\/wp-json\/wp\/v2\/media?parent=22955"}],"wp:term":[{"taxonomy":"category","embeddable":true,"href":"https:\/\/www.cordobatimes.com\/showup\/wp-json\/wp\/v2\/categories?post=22955"},{"taxonomy":"post_tag","embeddable":true,"href":"https:\/\/www.cordobatimes.com\/showup\/wp-json\/wp\/v2\/tags?post=22955"}],"curies":[{"name":"wp","href":"https:\/\/api.w.org\/{rel}","templated":true}]}}