{"id":22826,"date":"2014-06-15T17:09:57","date_gmt":"2014-06-15T20:09:57","guid":{"rendered":"http:\/\/cordobatimes.com\/showup\/?p=22826"},"modified":"2020-01-16T18:05:33","modified_gmt":"2020-01-16T21:05:33","slug":"los-famosos-festejaron-el-dia-del-padre","status":"publish","type":"post","link":"https:\/\/www.cordobatimes.com\/showup\/famosos\/2014\/06\/15\/los-famosos-festejaron-el-dia-del-padre\/","title":{"rendered":"Los famosos festejaron el D\u00eda del Padre"},"content":{"rendered":"<h3 style=\"text-align: justify;\"><strong>La far\u00e1ndula argentina cop\u00f3 \u00a0las redes sociales para dedicar sus m\u00e1s \u00edntimos mensajes a sus seres queridos. No te los pierdas.<\/strong><\/h3>\n<p style=\"text-align: justify;\">En esta oportunidad, conductores, jugadores de f\u00fatbol, periodistas y modelos, entre otros, se sumaron a los saludos del D\u00eda del Padre.<\/p>\n<p>&nbsp;<\/p>\n<blockquote class=\"twitter-tweet\" lang=\"es\"><p>Buen d\u00eda. Gracias por los saludos. Desde R\u00edo, feliz d\u00eda del padre para todos. Disfruten mucho.\u2764\ufe0f <a href=\"http:\/\/t.co\/A1ei3Lx44b\">pic.twitter.com\/A1ei3Lx44b<\/a><\/p>\n<p>\u2014 marcelo tinelli (@cuervotinelli) <a href=\"https:\/\/twitter.com\/cuervotinelli\/statuses\/478151274526179329\">junio 15, 2014<\/a><\/p><\/blockquote>\n<p><script charset=\"utf-8\" type=\"text\/javascript\" src=\"\/\/platform.twitter.com\/widgets.js\" async=\"\"><\/script><\/p>\n<blockquote class=\"twitter-tweet\" lang=\"es\"><p>Mi primero 2 regalitos del d\u00eda del padre <a href=\"https:\/\/twitter.com\/gimenavascon\">@gimenavascon<\/a> te amo gracias!! <a href=\"http:\/\/t.co\/jtcGdkYuE7\">pic.twitter.com\/jtcGdkYuE7<\/a><\/p>\n<p>\u2014 Ogro (@elogro23) <a href=\"https:\/\/twitter.com\/elogro23\/statuses\/478168964284297216\">junio 15, 2014<\/a><\/p><\/blockquote>\n<p>&nbsp;<\/p>\n<blockquote class=\"twitter-tweet\" lang=\"es\"><p>Feliz d\u00eda del padre, para los que los tenemos y para los que lo recuerdan con amor. A disfrutar y que la Selecci\u00f3n nos d\u00e9 el mejor regalo<\/p>\n<p>\u2014 adrian pallares (@adrianpalla) <a href=\"https:\/\/twitter.com\/adrianpalla\/statuses\/478166333562318848\">junio 15, 2014<\/a><\/p><\/blockquote>\n<p><script charset=\"utf-8\" type=\"text\/javascript\" src=\"\/\/platform.twitter.com\/widgets.js\" async=\"\"><\/script><\/p>\n<blockquote class=\"twitter-tweet\" lang=\"es\"><p>Feliz d\u00eda amor ! <a href=\"https:\/\/twitter.com\/cianocaceres\">@cianocaceres<\/a> que regalo hermoso me diste! Te amo <a href=\"http:\/\/t.co\/UnroxTkWwS\">pic.twitter.com\/UnroxTkWwS<\/a><\/p>\n<p>\u2014 gloria carra (@gloriacarraok) <a href=\"https:\/\/twitter.com\/gloriacarraok\/statuses\/478175746914258944\">junio 15, 2014<\/a><\/p><\/blockquote>\n<p>&nbsp;<\/p>\n<blockquote class=\"twitter-tweet\" lang=\"es\"><p>Buenos d\u00edas gente linda!!! Feliz d\u00eda del padre para todos!!<\/p>\n<p>\u2014 Julieta Prandi (@JPrandiOficial) <a href=\"https:\/\/twitter.com\/JPrandiOficial\/statuses\/478164845028999168\">junio 15, 2014<\/a><\/p><\/blockquote>\n<p><script charset=\"utf-8\" type=\"text\/javascript\" src=\"\/\/platform.twitter.com\/widgets.js\" async=\"\"><\/script><\/p>\n<blockquote class=\"twitter-tweet\" lang=\"es\"><p>Feliz d\u00eda del padre. No es un trabajo sencillo. Pero es tan maravilloso que vale la pena vivirlo. <a href=\"https:\/\/twitter.com\/morerial\">@morerial<\/a> y <a href=\"https:\/\/twitter.com\/rochuxrial\">@rochuxrial<\/a> gracias x elegirme<\/p>\n<p>\u2014 JORGE RIAL (@rialjorge) <a href=\"https:\/\/twitter.com\/rialjorge\/statuses\/478010157939830785\">junio 15, 2014<\/a><\/p><\/blockquote>\n<p>&nbsp;<\/p>\n<blockquote class=\"twitter-tweet\" lang=\"es\"><p>Hoy se celebra el d\u00eda del padre en muchos pa\u00edses de mi alma. Feliz d\u00eda del padre. Un abrazo<\/p>\n<p>\u2014 Alejandro Sanz (@AlejandroSanz) <a href=\"https:\/\/twitter.com\/AlejandroSanz\/statuses\/478157280442347520\">junio 15, 2014<\/a><\/p><\/blockquote>\n","protected":false},"excerpt":{"rendered":"<p>La far\u00e1ndula argentina cop\u00f3 \u00a0las redes sociales para dedicar sus m\u00e1s \u00edntimos mensajes a sus seres queridos. No te los pierdas. En esta oportunidad, conductores, jugadores de f\u00fatbol, periodistas y modelos, entre otros, se sumaron a los saludos del D\u00eda del Padre. &nbsp; Buen d\u00eda. Gracias por los saludos. Desde R\u00edo, feliz d\u00eda del padre [&hellip;]<\/p>\n","protected":false},"author":9,"featured_media":22829,"comment_status":"closed","ping_status":"closed","sticky":false,"template":"","format":"standard","meta":{"_seopress_robots_primary_cat":"","_seopress_titles_title":"","_seopress_titles_desc":"","_seopress_robots_index":"","footnotes":""},"categories":[4],"tags":[28293,28292],"class_list":{"0":"post-22826","1":"post","2":"type-post","3":"status-publish","4":"format-standard","5":"has-post-thumbnail","7":"category-famosos","8":"tag-dia-del-padre-2014","9":"tag-famosos-festejaron-el-dia-del-padre"},"_links":{"self":[{"href":"https:\/\/www.cordobatimes.com\/showup\/wp-json\/wp\/v2\/posts\/22826","targetHints":{"allow":["GET"]}}],"collection":[{"href":"https:\/\/www.cordobatimes.com\/showup\/wp-json\/wp\/v2\/posts"}],"about":[{"href":"https:\/\/www.cordobatimes.com\/showup\/wp-json\/wp\/v2\/types\/post"}],"author":[{"embeddable":true,"href":"https:\/\/www.cordobatimes.com\/showup\/wp-json\/wp\/v2\/users\/9"}],"replies":[{"embeddable":true,"href":"https:\/\/www.cordobatimes.com\/showup\/wp-json\/wp\/v2\/comments?post=22826"}],"version-history":[{"count":0,"href":"https:\/\/www.cordobatimes.com\/showup\/wp-json\/wp\/v2\/posts\/22826\/revisions"}],"wp:featuredmedia":[{"embeddable":true,"href":"https:\/\/www.cordobatimes.com\/showup\/wp-json\/wp\/v2\/media\/22829"}],"wp:attachment":[{"href":"https:\/\/www.cordobatimes.com\/showup\/wp-json\/wp\/v2\/media?parent=22826"}],"wp:term":[{"taxonomy":"category","embeddable":true,"href":"https:\/\/www.cordobatimes.com\/showup\/wp-json\/wp\/v2\/categories?post=22826"},{"taxonomy":"post_tag","embeddable":true,"href":"https:\/\/www.cordobatimes.com\/showup\/wp-json\/wp\/v2\/tags?post=22826"}],"curies":[{"name":"wp","href":"https:\/\/api.w.org\/{rel}","templated":true}]}}