{"id":22814,"date":"2014-06-15T04:39:40","date_gmt":"2014-06-15T07:39:40","guid":{"rendered":"http:\/\/cordobatimes.com\/showup\/?p=22814"},"modified":"2020-01-16T18:34:47","modified_gmt":"2020-01-16T21:34:47","slug":"gonzalo-heredia-hablo-de-su-mala-relacion-con-nicolas-cabre","status":"publish","type":"post","link":"https:\/\/www.cordobatimes.com\/showup\/famosos\/2014\/06\/15\/gonzalo-heredia-hablo-de-su-mala-relacion-con-nicolas-cabre\/","title":{"rendered":"Gonzalo Heredia habl\u00f3 de su mala relaci\u00f3n con Nicol\u00e1s Cabr\u00e9"},"content":{"rendered":"<h3 style=\"text-align: justify;\"><strong>Luego de que surgieran fuertes rumores sobre c\u00f3mo se llevaban los actores, el morocho de Mis Amigos de Siempre dijo toda su verdad sobre su compa\u00f1ero.\u00a0<\/strong><\/h3>\n<p style=\"text-align: justify;\">Heredia se refiri\u00f3 al tema durante su visita al programa de Mirtha Legrand y reconoci\u00f3 que no tienen la mejor relaci\u00f3n. \u00ab\u00bfVos est\u00e1s enojado con Cabr\u00e9?\u00bb, le pregunt\u00f3 la conductora, y Heredia respondi\u00f3: \u00abNo. Yo lo le\u00ed eso\u00bb.<\/p>\n<p style=\"text-align: justify;\">\u00abSoy una persona que cuando me involucro en un proyecto, involucro mucho. Tenemos una convivencia de 10 u 11 horas y es dif\u00edcil. Uno puede tener un intercambio de ideas y nada m\u00e1s\u00bb, asegur\u00f3 el actor.<\/p>\n<p style=\"text-align: justify;\">Hace pocos d\u00edas, el periodista \u00c1ngel de Brito hab\u00eda contado que \u00abCabr\u00e9 fue hasta el camar\u00edn de Heredia en Pol-Ka y casi terminan a las pi\u00f1as\u00bb.<\/p>\n<p style=\"text-align: justify;\">Luego el portal de noticias \u00a0\u00abTeleshow\u00bb confirm\u00f3 que por los pasillos de la productora todos conocen la situaci\u00f3n entre los actores, que ya no s\u00f3lo ni se saludan sino que hasta no comparten m\u00e1s escenas juntos.<\/p>\n<p style=\"text-align: justify;\">Nicol\u00e1s V\u00e1zquez, otro de sus compa\u00f1eros, se refiri\u00f3 al tema en una entrevista con Paparazzi: \u00abNo somos todos amigos. Simplemente hay gente que decide levantarse con una sonrisa, hacer chistes y encontrarle un sentido positivo a la vida, como yo, y otra que no. No voy a intentar cambiarle la onda a la gente. Cada uno vive como puede y como quiere\u00bb.<\/p>\n","protected":false},"excerpt":{"rendered":"<p>Luego de que surgieran fuertes rumores sobre c\u00f3mo se llevaban los actores, el morocho de Mis Amigos de Siempre dijo toda su verdad sobre su compa\u00f1ero.\u00a0 Heredia se refiri\u00f3 al tema durante su visita al programa de Mirtha Legrand y reconoci\u00f3 que no tienen la mejor relaci\u00f3n. \u00ab\u00bfVos est\u00e1s enojado con Cabr\u00e9?\u00bb, le pregunt\u00f3 la [&hellip;]<\/p>\n","protected":false},"author":9,"featured_media":22820,"comment_status":"closed","ping_status":"closed","sticky":false,"template":"","format":"standard","meta":{"_seopress_robots_primary_cat":"","_seopress_titles_title":"","_seopress_titles_desc":"","_seopress_robots_index":"","footnotes":""},"categories":[4],"tags":[28294],"class_list":{"0":"post-22814","1":"post","2":"type-post","3":"status-publish","4":"format-standard","5":"has-post-thumbnail","7":"category-famosos","8":"tag-gonzalo-heredia-nicolas-cabre"},"_links":{"self":[{"href":"https:\/\/www.cordobatimes.com\/showup\/wp-json\/wp\/v2\/posts\/22814","targetHints":{"allow":["GET"]}}],"collection":[{"href":"https:\/\/www.cordobatimes.com\/showup\/wp-json\/wp\/v2\/posts"}],"about":[{"href":"https:\/\/www.cordobatimes.com\/showup\/wp-json\/wp\/v2\/types\/post"}],"author":[{"embeddable":true,"href":"https:\/\/www.cordobatimes.com\/showup\/wp-json\/wp\/v2\/users\/9"}],"replies":[{"embeddable":true,"href":"https:\/\/www.cordobatimes.com\/showup\/wp-json\/wp\/v2\/comments?post=22814"}],"version-history":[{"count":0,"href":"https:\/\/www.cordobatimes.com\/showup\/wp-json\/wp\/v2\/posts\/22814\/revisions"}],"wp:featuredmedia":[{"embeddable":true,"href":"https:\/\/www.cordobatimes.com\/showup\/wp-json\/wp\/v2\/media\/22820"}],"wp:attachment":[{"href":"https:\/\/www.cordobatimes.com\/showup\/wp-json\/wp\/v2\/media?parent=22814"}],"wp:term":[{"taxonomy":"category","embeddable":true,"href":"https:\/\/www.cordobatimes.com\/showup\/wp-json\/wp\/v2\/categories?post=22814"},{"taxonomy":"post_tag","embeddable":true,"href":"https:\/\/www.cordobatimes.com\/showup\/wp-json\/wp\/v2\/tags?post=22814"}],"curies":[{"name":"wp","href":"https:\/\/api.w.org\/{rel}","templated":true}]}}