{"id":22758,"date":"2014-06-14T16:50:55","date_gmt":"2014-06-14T19:50:55","guid":{"rendered":"http:\/\/cordobatimes.com\/showup\/?p=22758"},"modified":"2020-01-16T19:16:23","modified_gmt":"2020-01-16T22:16:23","slug":"alejandro-sanz-nuevo-disco","status":"publish","type":"post","link":"https:\/\/www.cordobatimes.com\/showup\/musica\/2014\/06\/14\/alejandro-sanz-nuevo-disco\/","title":{"rendered":"Alejandro Sanz prepara su nuevo disco"},"content":{"rendered":"<h3 style=\"text-align: justify;\"><strong>El cantante \u00a0ha afirmado que ya ha empezado a componer de nuevo y ha bromeado asegurando que est\u00e1 \u00abcomo loco\u00bb, ya que tiene al menos cuarenta posibles canciones y alguna se tendr\u00e1 que quedar fuera de su pr\u00f3ximo trabajo.<\/strong><\/h3>\n<p style=\"text-align: justify;\">\u00abYa estoy componiendo, s\u00ed y estoy como loco porque he compuesto 40 canciones y alguna se tiene que quedar fuera\u00bb, ha indicado el cantautor en una reciente visita a Madrid.<\/p>\n<p style=\"text-align: justify;\">Alejandro Sanz ofrecer\u00e1 el pr\u00f3ximo 22 de agosto en el Festival Starlite de Marbella (M\u00e1laga) el que ser\u00e1 su \u00fanico concierto en Espa\u00f1a. Ya el a\u00f1o pasado actu\u00f3 en este certamen vendiendo todas las localidades puestas a la venta.<\/p>\n<p style=\"text-align: justify;\">Compositor y autor, este a\u00f1o Alejandro Sanz ofrecer\u00e1 un concierto de sus grandes \u00e9xitos. El \u00faltimo \u00abLa m\u00fasica no se toca\u00bb, qu\u00edntuple disco de platino en Espa\u00f1a, se consolid\u00f3 como el \u00e1lbum m\u00e1s vendido en 2012 por un artista de lengua hispana.<\/p>\n<p style=\"text-align: justify;\">Sanz ha vendido m\u00e1s de 22 millones de discos y es el artista espa\u00f1ol con mayor n\u00famero de premios Grammy (16 latinos y tres americanos). Cuenta, con 15 \u00e1lbumes publicados, todos con la categor\u00eda de disco de Platino en Espa\u00f1a, Latinoam\u00e9rica y Estados Unidos.<\/p>\n<p style=\"text-align: justify;\">Fuete: culturaocio.com<\/p>\n<p style=\"text-align: justify;\">Fotograf\u00eda: Getty<\/p>\n","protected":false},"excerpt":{"rendered":"<p>El cantante \u00a0ha afirmado que ya ha empezado a componer de nuevo y ha bromeado asegurando que est\u00e1 \u00abcomo loco\u00bb, ya que tiene al menos cuarenta posibles canciones y alguna se tendr\u00e1 que quedar fuera de su pr\u00f3ximo trabajo. \u00abYa estoy componiendo, s\u00ed y estoy como loco porque he compuesto 40 canciones y alguna se [&hellip;]<\/p>\n","protected":false},"author":9,"featured_media":22764,"comment_status":"closed","ping_status":"closed","sticky":false,"template":"","format":"standard","meta":{"_seopress_robots_primary_cat":"","_seopress_titles_title":"","_seopress_titles_desc":"","_seopress_robots_index":"","footnotes":""},"categories":[5],"tags":[7398],"class_list":{"0":"post-22758","1":"post","2":"type-post","3":"status-publish","4":"format-standard","5":"has-post-thumbnail","7":"category-musica","8":"tag-nuevo-disco-de-alejandro-sanz"},"_links":{"self":[{"href":"https:\/\/www.cordobatimes.com\/showup\/wp-json\/wp\/v2\/posts\/22758","targetHints":{"allow":["GET"]}}],"collection":[{"href":"https:\/\/www.cordobatimes.com\/showup\/wp-json\/wp\/v2\/posts"}],"about":[{"href":"https:\/\/www.cordobatimes.com\/showup\/wp-json\/wp\/v2\/types\/post"}],"author":[{"embeddable":true,"href":"https:\/\/www.cordobatimes.com\/showup\/wp-json\/wp\/v2\/users\/9"}],"replies":[{"embeddable":true,"href":"https:\/\/www.cordobatimes.com\/showup\/wp-json\/wp\/v2\/comments?post=22758"}],"version-history":[{"count":0,"href":"https:\/\/www.cordobatimes.com\/showup\/wp-json\/wp\/v2\/posts\/22758\/revisions"}],"wp:featuredmedia":[{"embeddable":true,"href":"https:\/\/www.cordobatimes.com\/showup\/wp-json\/wp\/v2\/media\/22764"}],"wp:attachment":[{"href":"https:\/\/www.cordobatimes.com\/showup\/wp-json\/wp\/v2\/media?parent=22758"}],"wp:term":[{"taxonomy":"category","embeddable":true,"href":"https:\/\/www.cordobatimes.com\/showup\/wp-json\/wp\/v2\/categories?post=22758"},{"taxonomy":"post_tag","embeddable":true,"href":"https:\/\/www.cordobatimes.com\/showup\/wp-json\/wp\/v2\/tags?post=22758"}],"curies":[{"name":"wp","href":"https:\/\/api.w.org\/{rel}","templated":true}]}}