{"id":22656,"date":"2014-06-13T17:44:37","date_gmt":"2014-06-13T20:44:37","guid":{"rendered":"http:\/\/cordobatimes.com\/showup\/?p=22656"},"modified":"2020-01-16T19:49:26","modified_gmt":"2020-01-16T22:49:26","slug":"vuelve-el-rey-leonal-cine-y-a-la-television","status":"publish","type":"post","link":"https:\/\/www.cordobatimes.com\/showup\/cine-y-series\/2014\/06\/13\/vuelve-el-rey-leonal-cine-y-a-la-television\/","title":{"rendered":"Vuelve El Rey Le\u00f3n al cine y a la televisi\u00f3n"},"content":{"rendered":"<h3 style=\"text-align: justify;\"><strong>Disney Television Animation ha comenzado la producci\u00f3n de \u00abThe Lion Guard\u00bb, la pel\u00edcula animada y posterior serie que continuar\u00e1n la historia de El Rey Le\u00f3n.<\/strong><\/h3>\n<p style=\"text-align: justify;\">La trama se centrar\u00e1 en las aventuras de los hijos de Simba y Nala. La pel\u00edcula tiene previsto su estreno en 2015, mientras que la serie de televisi\u00f3n que le seguir\u00e1 se estrenar\u00e1 a trav\u00e9s de Disney Junior y Disney Channel a principios de 2016.<\/p>\n<p style=\"text-align: justify;\">\u00abThe Lion Guard\u00bb seguir\u00e1 al segundo hijo de Simba y Nala, Kion, y como asume el papel de l\u00edder de la Guardia del Le\u00f3n, un grupo de valientes cuya misi\u00f3n es preservar las Tierras del Reino.<\/p>\n<p style=\"text-align: justify;\">Kion, digno heredero de Simba, desaf\u00eda las reglas y en lugar de formar la Guardia con j\u00f3venes leones recurre a sus amigos: Bunga, un audaz tej\u00f3n; Fuli, un confiado guepardo; Beshte, un feliz y despreocupado hipop\u00f3tamo; y Ono, una inteligente garza.<\/p>\n<p style=\"text-align: justify;\">Adem\u00e1s,\u00bb The Lion Guard\u00bb contar\u00e1 con apariciones de Mufasa, Tim\u00f3n, Pumba, Rafiki, Zazu, y la hermana mayor de Kion, Kiara, la futura Reina y sucesora de Simba.<\/p>\n<p style=\"text-align: justify;\">\u00abLa historia de El Rey Le\u00f3n ha conmovido profundamente a familias de todo el mundo desde su estreno hace 20 a\u00f1os. Esperamos con inter\u00e9s la introducci\u00f3n de una nueva generaci\u00f3n\u00bb, afirma la vicepresidenta ejecutiva de programaci\u00f3n, Nancy Kanter, en el comunicado de Disney Television Animation.<\/p>\n<p><a href=\"http:\/\/cordobatimes.com\/showup\/wp-content\/uploads\/2014\/06\/rey-leon.jpg\"><img loading=\"lazy\" decoding=\"async\" class=\"alignnone size-full wp-image-22680\" src=\"http:\/\/cordobatimes.com\/showup\/wp-content\/uploads\/2014\/06\/rey-leon.jpg\" alt=\"rey leon\" width=\"644\" height=\"478\" data-id=\"22680\" srcset=\"https:\/\/www.cordobatimes.com\/showup\/wp-content\/uploads\/2014\/06\/rey-leon.jpg 644w, https:\/\/www.cordobatimes.com\/showup\/wp-content\/uploads\/2014\/06\/rey-leon-300x222.jpg 300w, https:\/\/www.cordobatimes.com\/showup\/wp-content\/uploads\/2014\/06\/rey-leon-600x445.jpg 600w\" sizes=\"auto, (max-width: 644px) 100vw, 644px\" \/><\/a><\/p>\n<p>&nbsp;<\/p>\n<p>Fuente: culturaocio.com<\/p>\n","protected":false},"excerpt":{"rendered":"<p>Disney Television Animation ha comenzado la producci\u00f3n de \u00abThe Lion Guard\u00bb, la pel\u00edcula animada y posterior serie que continuar\u00e1n la historia de El Rey Le\u00f3n. La trama se centrar\u00e1 en las aventuras de los hijos de Simba y Nala. La pel\u00edcula tiene previsto su estreno en 2015, mientras que la serie de televisi\u00f3n que le [&hellip;]<\/p>\n","protected":false},"author":9,"featured_media":22679,"comment_status":"closed","ping_status":"closed","sticky":false,"template":"","format":"standard","meta":{"_seopress_robots_primary_cat":"","_seopress_titles_title":"","_seopress_titles_desc":"","_seopress_robots_index":"","footnotes":""},"categories":[3],"tags":[28300,28302,28301],"class_list":{"0":"post-22656","1":"post","2":"type-post","3":"status-publish","4":"format-standard","5":"has-post-thumbnail","7":"category-cine-y-series","8":"tag-the-lion-guard-la-pelicula-animada","9":"tag-las-aventuras-de-los-hijos-de-simba-y-nala","10":"tag-serie-que-continuaran-la-historia-de-el-rey-leon"},"_links":{"self":[{"href":"https:\/\/www.cordobatimes.com\/showup\/wp-json\/wp\/v2\/posts\/22656","targetHints":{"allow":["GET"]}}],"collection":[{"href":"https:\/\/www.cordobatimes.com\/showup\/wp-json\/wp\/v2\/posts"}],"about":[{"href":"https:\/\/www.cordobatimes.com\/showup\/wp-json\/wp\/v2\/types\/post"}],"author":[{"embeddable":true,"href":"https:\/\/www.cordobatimes.com\/showup\/wp-json\/wp\/v2\/users\/9"}],"replies":[{"embeddable":true,"href":"https:\/\/www.cordobatimes.com\/showup\/wp-json\/wp\/v2\/comments?post=22656"}],"version-history":[{"count":0,"href":"https:\/\/www.cordobatimes.com\/showup\/wp-json\/wp\/v2\/posts\/22656\/revisions"}],"wp:featuredmedia":[{"embeddable":true,"href":"https:\/\/www.cordobatimes.com\/showup\/wp-json\/wp\/v2\/media\/22679"}],"wp:attachment":[{"href":"https:\/\/www.cordobatimes.com\/showup\/wp-json\/wp\/v2\/media?parent=22656"}],"wp:term":[{"taxonomy":"category","embeddable":true,"href":"https:\/\/www.cordobatimes.com\/showup\/wp-json\/wp\/v2\/categories?post=22656"},{"taxonomy":"post_tag","embeddable":true,"href":"https:\/\/www.cordobatimes.com\/showup\/wp-json\/wp\/v2\/tags?post=22656"}],"curies":[{"name":"wp","href":"https:\/\/api.w.org\/{rel}","templated":true}]}}