{"id":22365,"date":"2014-06-11T18:33:07","date_gmt":"2014-06-11T21:33:07","guid":{"rendered":"http:\/\/cordobatimes.com\/showup\/?p=22365"},"modified":"2020-01-16T20:52:03","modified_gmt":"2020-01-16T23:52:03","slug":"increible-la-montana-de-game-of-thrones-asusta-a-ninos-disfrazado-de-hulk-video","status":"publish","type":"post","link":"https:\/\/www.cordobatimes.com\/showup\/curiosidades\/2014\/06\/11\/increible-la-montana-de-game-of-thrones-asusta-a-ninos-disfrazado-de-hulk-video\/","title":{"rendered":"\u00a1Incre\u00edble! La Monta\u00f1a de Game of Thrones asusta a ni\u00f1os disfrazado de Hulk (Video)"},"content":{"rendered":"<h3 style=\"text-align: justify;\"><strong>No s\u00f3lo nos dej\u00f3 sorprendidos con la muerte de Oberyn, sino que este enorme hombre \u00a0tiene otra fascinaci\u00f3n: aterrorizar peque\u00f1os.\u00a0<\/strong><\/h3>\n<p style=\"text-align: justify;\">El \u00a0island\u00e9s Hafp\u00f3r J\u00fal\u00edus Bj\u00f6rnsson, ganador de la competici\u00f3n \u00abEl hombre m\u00e1s fuerte del mundo\u00bb (World&#8217;s Strongest Man) en 2012 y tercero en su \u00faltima edici\u00f3n de 2013, protagoniz\u00f3 uno de los momentos cumbres de la serie en esta cuarta temporada de Juego de tronos en el juicio por combate contra Oberyn Martell (Pedro Pascal).<\/p>\n<p style=\"text-align: justify;\">Pero el mastod\u00f3ntico actor no solo puede dar vida al caballero m\u00e1s sanguinario de Poniente, su musculoso cuerpo es ideal para encarnar a Hulk.<\/p>\n<p style=\"text-align: justify;\">Lo hizo, tras pasar dos largas horas en el estudio de maquillaje, para una fiesta de cumplea\u00f1os.<\/p>\n<p style=\"text-align: justify;\">La primera reacci\u00f3n del cumplea\u00f1ero al ver al coloso fue chillar de terror. \u00abPocos saben que Hulk en realida vive en Islandia\u00bb, bromea Bj\u00f6rnsson en el v\u00eddeo.<\/p>\n<p style=\"text-align: justify;\">No te pierdas las im\u00e1genes.<\/p>\n<p><iframe loading=\"lazy\" src=\"\/\/www.youtube.com\/embed\/tv4t9LhDLQ8\" width=\"560\" height=\"315\" frameborder=\"0\" allowfullscreen=\"allowfullscreen\"><\/iframe><\/p>\n","protected":false},"excerpt":{"rendered":"<p>No s\u00f3lo nos dej\u00f3 sorprendidos con la muerte de Oberyn, sino que este enorme hombre \u00a0tiene otra fascinaci\u00f3n: aterrorizar peque\u00f1os.\u00a0 El \u00a0island\u00e9s Hafp\u00f3r J\u00fal\u00edus Bj\u00f6rnsson, ganador de la competici\u00f3n \u00abEl hombre m\u00e1s fuerte del mundo\u00bb (World&#8217;s Strongest Man) en 2012 y tercero en su \u00faltima edici\u00f3n de 2013, protagoniz\u00f3 uno de los momentos cumbres de [&hellip;]<\/p>\n","protected":false},"author":9,"featured_media":22489,"comment_status":"closed","ping_status":"closed","sticky":false,"template":"","format":"standard","meta":{"_seopress_robots_primary_cat":"","_seopress_titles_title":"","_seopress_titles_desc":"","_seopress_robots_index":"","footnotes":""},"categories":[8],"tags":[28309,7333],"class_list":{"0":"post-22365","1":"post","2":"type-post","3":"status-publish","4":"format-standard","5":"has-post-thumbnail","7":"category-curiosidades","8":"tag-la-montana-de-game-of-thrones","9":"tag-la-montana-se-disfraza-de-hulk"},"_links":{"self":[{"href":"https:\/\/www.cordobatimes.com\/showup\/wp-json\/wp\/v2\/posts\/22365","targetHints":{"allow":["GET"]}}],"collection":[{"href":"https:\/\/www.cordobatimes.com\/showup\/wp-json\/wp\/v2\/posts"}],"about":[{"href":"https:\/\/www.cordobatimes.com\/showup\/wp-json\/wp\/v2\/types\/post"}],"author":[{"embeddable":true,"href":"https:\/\/www.cordobatimes.com\/showup\/wp-json\/wp\/v2\/users\/9"}],"replies":[{"embeddable":true,"href":"https:\/\/www.cordobatimes.com\/showup\/wp-json\/wp\/v2\/comments?post=22365"}],"version-history":[{"count":0,"href":"https:\/\/www.cordobatimes.com\/showup\/wp-json\/wp\/v2\/posts\/22365\/revisions"}],"wp:featuredmedia":[{"embeddable":true,"href":"https:\/\/www.cordobatimes.com\/showup\/wp-json\/wp\/v2\/media\/22489"}],"wp:attachment":[{"href":"https:\/\/www.cordobatimes.com\/showup\/wp-json\/wp\/v2\/media?parent=22365"}],"wp:term":[{"taxonomy":"category","embeddable":true,"href":"https:\/\/www.cordobatimes.com\/showup\/wp-json\/wp\/v2\/categories?post=22365"},{"taxonomy":"post_tag","embeddable":true,"href":"https:\/\/www.cordobatimes.com\/showup\/wp-json\/wp\/v2\/tags?post=22365"}],"curies":[{"name":"wp","href":"https:\/\/api.w.org\/{rel}","templated":true}]}}