{"id":22358,"date":"2014-06-10T01:09:35","date_gmt":"2014-06-10T04:09:35","guid":{"rendered":"http:\/\/cordobatimes.com\/showup\/?p=22358"},"modified":"2020-01-18T09:51:17","modified_gmt":"2020-01-18T12:51:17","slug":"violetta-protagonizo-un-escandalo-con-la-prensa-video","status":"publish","type":"post","link":"https:\/\/www.cordobatimes.com\/showup\/famosos\/2014\/06\/10\/violetta-protagonizo-un-escandalo-con-la-prensa-video\/","title":{"rendered":"Violetta protagoniz\u00f3 un esc\u00e1ndalo con la prensa (Video)"},"content":{"rendered":"<h3 style=\"text-align: justify;\"><strong>La estrella teen vivi\u00f3 un tenso momento cuando su padre, Alejandro Stoessel, se enfureci\u00f3 con un cronista ante una \u00abinapropiada\u00bb pregunta.\u00a0<\/strong><\/h3>\n<p style=\"text-align: justify;\">El origen del enojo fue la intenci\u00f3n de un notero que quiso indagar respecto a la pol\u00e9mica foto que circul\u00f3 en las redes sociales que mostraba a una supuesta fan\u00e1tica lastim\u00e1ndose su cuerpo hasta lograr que su \u00eddola la salude personalmente.<\/p>\n<p style=\"text-align: justify;\">\u00abDisculpame, sobre esas cosas no va a responder ella. \u00bfS\u00ed? Lo que ten\u00e9s que averiguar es que eso es una mentira, y no ten\u00e9s que difundir mentiras cuando hay p\u00fablico infantil. Yo no tengo nada que aclarar\u00bb, remarc\u00f3 el ex productor de Marcelo Tinelli.<\/p>\n<p style=\"text-align: justify;\">Entonces, Alejandro Stoessel retir\u00f3 de manera intempestiva a Martina y la queja de los movileros no tard\u00f3 en traducirse en reclamos. \u00abSos un desubicado. Ten\u00e9s que pensar en el p\u00fablico infantil\u00bb, reproch\u00f3 el pap\u00e1 de Violetta.<\/p>\n<p style=\"text-align: justify;\">Ya m\u00e1s tranquila y en soledad, la chica Disney contest\u00f3 con gentileza: \u00abCreo que esa foto es del 2008 y no fue la nena en realidad, creo que es mentira. Pero no lo difundan m\u00e1s porque no es cierto\u2026 Prefiero no hablar mucho de ese tema. Estoy muy contenta con que me acompa\u00f1en las fans y por hacer lo mejor para ellas\u00bb, concluy\u00f3 Martina Stoessel, tras confirmar que es ella misma quien gestiona su cuenta de Twitter.<\/p>\n<p><iframe loading=\"lazy\" src=\"\/\/www.youtube.com\/embed\/JCQIhyU8tMc\" width=\"420\" height=\"315\" frameborder=\"0\" allowfullscreen=\"allowfullscreen\"><\/iframe><\/p>\n","protected":false},"excerpt":{"rendered":"<p>La estrella teen vivi\u00f3 un tenso momento cuando su padre, Alejandro Stoessel, se enfureci\u00f3 con un cronista ante una \u00abinapropiada\u00bb pregunta.\u00a0 El origen del enojo fue la intenci\u00f3n de un notero que quiso indagar respecto a la pol\u00e9mica foto que circul\u00f3 en las redes sociales que mostraba a una supuesta fan\u00e1tica lastim\u00e1ndose su cuerpo hasta [&hellip;]<\/p>\n","protected":false},"author":9,"featured_media":22383,"comment_status":"closed","ping_status":"closed","sticky":false,"template":"","format":"standard","meta":{"_seopress_robots_primary_cat":"","_seopress_titles_title":"","_seopress_titles_desc":"","_seopress_robots_index":"","footnotes":""},"categories":[4],"tags":[28316,28315],"class_list":{"0":"post-22358","1":"post","2":"type-post","3":"status-publish","4":"format-standard","5":"has-post-thumbnail","7":"category-famosos","8":"tag-papa-de-tini-stoessel","9":"tag-problemas-con-la-prensa-de-tini-stoessel"},"_links":{"self":[{"href":"https:\/\/www.cordobatimes.com\/showup\/wp-json\/wp\/v2\/posts\/22358","targetHints":{"allow":["GET"]}}],"collection":[{"href":"https:\/\/www.cordobatimes.com\/showup\/wp-json\/wp\/v2\/posts"}],"about":[{"href":"https:\/\/www.cordobatimes.com\/showup\/wp-json\/wp\/v2\/types\/post"}],"author":[{"embeddable":true,"href":"https:\/\/www.cordobatimes.com\/showup\/wp-json\/wp\/v2\/users\/9"}],"replies":[{"embeddable":true,"href":"https:\/\/www.cordobatimes.com\/showup\/wp-json\/wp\/v2\/comments?post=22358"}],"version-history":[{"count":0,"href":"https:\/\/www.cordobatimes.com\/showup\/wp-json\/wp\/v2\/posts\/22358\/revisions"}],"wp:featuredmedia":[{"embeddable":true,"href":"https:\/\/www.cordobatimes.com\/showup\/wp-json\/wp\/v2\/media\/22383"}],"wp:attachment":[{"href":"https:\/\/www.cordobatimes.com\/showup\/wp-json\/wp\/v2\/media?parent=22358"}],"wp:term":[{"taxonomy":"category","embeddable":true,"href":"https:\/\/www.cordobatimes.com\/showup\/wp-json\/wp\/v2\/categories?post=22358"},{"taxonomy":"post_tag","embeddable":true,"href":"https:\/\/www.cordobatimes.com\/showup\/wp-json\/wp\/v2\/tags?post=22358"}],"curies":[{"name":"wp","href":"https:\/\/api.w.org\/{rel}","templated":true}]}}