{"id":22350,"date":"2014-06-11T18:12:41","date_gmt":"2014-06-11T21:12:41","guid":{"rendered":"http:\/\/cordobatimes.com\/showup\/?p=22350"},"modified":"2020-01-17T08:51:38","modified_gmt":"2020-01-17T11:51:38","slug":"abel-pintos-regresa-a-cordoba","status":"publish","type":"post","link":"https:\/\/www.cordobatimes.com\/showup\/agenda\/2014\/06\/11\/abel-pintos-regresa-a-cordoba\/","title":{"rendered":"Abel Pintos regresa a C\u00f3rdoba"},"content":{"rendered":"<h3 style=\"text-align: justify;\"><strong>El querido y exitoso cantante vuelve a nuestra ciudad a brindar un show que dar\u00e1 qu\u00e9 hablar.\u00a0<\/strong><\/h3>\n<p style=\"text-align: justify;\">El viernes 14 de noviembre se presentar\u00e1 Abel Pintos en el Orfeo Superdomo de C\u00f3rdoba, donde compartir\u00e1 con sus miles de fans todos sus \u00e9xitos y su canciones de su nuevo disco.<\/p>\n<p style=\"text-align: justify;\">Con ansias esperan las miles de seguidoras aquel d\u00eda, \u00bflo importante? es que ya salieron las entradas a la venta y Show Up te trae toda la info al respecto.<\/p>\n<p style=\"text-align: justify;\">Las entradas podr\u00e1n ser compradas por boleterias en el Orfeo, \u00a0en efectivo y con las tarjetas Naranja, Visa, Master y Amex. A trav\u00e9s de internet s\u00f3lo\u00a0con Visa y el d\u00eda del espect\u00e1culo deber\u00e1n presentar DNI para acreditar identidad.<\/p>\n<p style=\"text-align: justify;\">Te dejamos todas las posibilidades para adquirir tu ticket.<\/p>\n<p style=\"text-align: center;\"><a href=\"http:\/\/cordobatimes.com\/showup\/wp-content\/uploads\/2014\/06\/abel-pintos.jpg\"><img loading=\"lazy\" decoding=\"async\" class=\"size-full wp-image-22482 aligncenter\" src=\"http:\/\/cordobatimes.com\/showup\/wp-content\/uploads\/2014\/06\/abel-pintos.jpg\" alt=\"abel pintos\" width=\"599\" height=\"553\" data-id=\"22482\" srcset=\"https:\/\/www.cordobatimes.com\/showup\/wp-content\/uploads\/2014\/06\/abel-pintos.jpg 599w, https:\/\/www.cordobatimes.com\/showup\/wp-content\/uploads\/2014\/06\/abel-pintos-300x276.jpg 300w\" sizes=\"auto, (max-width: 599px) 100vw, 599px\" \/><\/a><\/p>\n","protected":false},"excerpt":{"rendered":"<p>El querido y exitoso cantante vuelve a nuestra ciudad a brindar un show que dar\u00e1 qu\u00e9 hablar.\u00a0 El viernes 14 de noviembre se presentar\u00e1 Abel Pintos en el Orfeo Superdomo de C\u00f3rdoba, donde compartir\u00e1 con sus miles de fans todos sus \u00e9xitos y su canciones de su nuevo disco. Con ansias esperan las miles de [&hellip;]<\/p>\n","protected":false},"author":9,"featured_media":22483,"comment_status":"closed","ping_status":"closed","sticky":false,"template":"","format":"standard","meta":{"_seopress_robots_primary_cat":"","_seopress_titles_title":"","_seopress_titles_desc":"","_seopress_robots_index":"","footnotes":""},"categories":[6],"tags":[7330,28310],"class_list":{"0":"post-22350","1":"post","2":"type-post","3":"status-publish","4":"format-standard","5":"has-post-thumbnail","7":"category-agenda","8":"tag-abel-pinto-en-cordoba","9":"tag-abel-pintos-en-el-orfeo-superdomo-de-cordoba"},"_links":{"self":[{"href":"https:\/\/www.cordobatimes.com\/showup\/wp-json\/wp\/v2\/posts\/22350","targetHints":{"allow":["GET"]}}],"collection":[{"href":"https:\/\/www.cordobatimes.com\/showup\/wp-json\/wp\/v2\/posts"}],"about":[{"href":"https:\/\/www.cordobatimes.com\/showup\/wp-json\/wp\/v2\/types\/post"}],"author":[{"embeddable":true,"href":"https:\/\/www.cordobatimes.com\/showup\/wp-json\/wp\/v2\/users\/9"}],"replies":[{"embeddable":true,"href":"https:\/\/www.cordobatimes.com\/showup\/wp-json\/wp\/v2\/comments?post=22350"}],"version-history":[{"count":0,"href":"https:\/\/www.cordobatimes.com\/showup\/wp-json\/wp\/v2\/posts\/22350\/revisions"}],"wp:featuredmedia":[{"embeddable":true,"href":"https:\/\/www.cordobatimes.com\/showup\/wp-json\/wp\/v2\/media\/22483"}],"wp:attachment":[{"href":"https:\/\/www.cordobatimes.com\/showup\/wp-json\/wp\/v2\/media?parent=22350"}],"wp:term":[{"taxonomy":"category","embeddable":true,"href":"https:\/\/www.cordobatimes.com\/showup\/wp-json\/wp\/v2\/categories?post=22350"},{"taxonomy":"post_tag","embeddable":true,"href":"https:\/\/www.cordobatimes.com\/showup\/wp-json\/wp\/v2\/tags?post=22350"}],"curies":[{"name":"wp","href":"https:\/\/api.w.org\/{rel}","templated":true}]}}