{"id":22348,"date":"2014-06-10T00:56:10","date_gmt":"2014-06-10T03:56:10","guid":{"rendered":"http:\/\/cordobatimes.com\/showup\/?p=22348"},"modified":"2020-01-18T10:03:01","modified_gmt":"2020-01-18T13:03:01","slug":"reina-la-paz-nazarena-velez-y-flavia-palmiero-se-reconciliaron-video","status":"publish","type":"post","link":"https:\/\/www.cordobatimes.com\/showup\/tv\/2014\/06\/10\/reina-la-paz-nazarena-velez-y-flavia-palmiero-se-reconciliaron-video\/","title":{"rendered":"Reina la paz: Nazarena V\u00e9lez y Flavia Palmiero se reconciliaron (Video)"},"content":{"rendered":"<h3 style=\"text-align: justify;\"><strong>Luego de la tr\u00e1gica decisi\u00f3n de Fabi\u00e1n Rodr\u00edguez, \u00a0la actriz decidi\u00f3 comenzar una nueva etapa , sin m\u00e1s peleas ni rencores.<\/strong><\/h3>\n<p style=\"text-align: justify;\">Despu\u00e9s de disculparse con Moria, lleg\u00f3 el turno de Flavia Palmiero, con quien se enfrent\u00f3 despu\u00e9s de que Barbarita admitiera que la ech\u00f3 de su casa en medio de una reuni\u00f3n de amigas.<\/p>\n<p style=\"text-align: justify;\">\u00abM\u00e1s all\u00e1 de lo que pas\u00f3 el a\u00f1o pasado y todos los temas de los abogados, yo tom\u00e9 la decisi\u00f3n de retirar todo y bueno, la verdad me hizo muy bien su pedido de disculpas. As\u00ed que damos por terminado este tema\u00bb comenz\u00f3 el m\u00f3vil Flavia.<\/p>\n<p style=\"text-align: justify;\">\u00abComo mujer, lamento mucho lo que le pas\u00f3. Es muy triste lo que est\u00e1 pasando, deseo que se recupere pronto. Me encantar\u00eda tener una charla con ella. Le deseo lo mejor. Ya est\u00e1\u00bb, expres\u00f3 la ex \u00abLa ola est\u00e1 de fiesta\u00bb para El Diario de Mariana.<\/p>\n<p style=\"text-align: justify;\">No te pierdas el video.<\/p>\n<p><iframe loading=\"lazy\" src=\"\/\/www.youtube.com\/embed\/HUxhA8rPMrU\" width=\"420\" height=\"315\" frameborder=\"0\" allowfullscreen=\"allowfullscreen\"><\/iframe><\/p>\n","protected":false},"excerpt":{"rendered":"<p>Luego de la tr\u00e1gica decisi\u00f3n de Fabi\u00e1n Rodr\u00edguez, \u00a0la actriz decidi\u00f3 comenzar una nueva etapa , sin m\u00e1s peleas ni rencores. Despu\u00e9s de disculparse con Moria, lleg\u00f3 el turno de Flavia Palmiero, con quien se enfrent\u00f3 despu\u00e9s de que Barbarita admitiera que la ech\u00f3 de su casa en medio de una reuni\u00f3n de amigas. \u00abM\u00e1s [&hellip;]<\/p>\n","protected":false},"author":9,"featured_media":22378,"comment_status":"closed","ping_status":"closed","sticky":false,"template":"","format":"standard","meta":{"_seopress_robots_primary_cat":"","_seopress_titles_title":"","_seopress_titles_desc":"","_seopress_robots_index":"","footnotes":""},"categories":[2],"tags":[28318],"class_list":{"0":"post-22348","1":"post","2":"type-post","3":"status-publish","4":"format-standard","5":"has-post-thumbnail","7":"category-tv","8":"tag-nazarena-velez-y-flavia-palmiero"},"_links":{"self":[{"href":"https:\/\/www.cordobatimes.com\/showup\/wp-json\/wp\/v2\/posts\/22348","targetHints":{"allow":["GET"]}}],"collection":[{"href":"https:\/\/www.cordobatimes.com\/showup\/wp-json\/wp\/v2\/posts"}],"about":[{"href":"https:\/\/www.cordobatimes.com\/showup\/wp-json\/wp\/v2\/types\/post"}],"author":[{"embeddable":true,"href":"https:\/\/www.cordobatimes.com\/showup\/wp-json\/wp\/v2\/users\/9"}],"replies":[{"embeddable":true,"href":"https:\/\/www.cordobatimes.com\/showup\/wp-json\/wp\/v2\/comments?post=22348"}],"version-history":[{"count":0,"href":"https:\/\/www.cordobatimes.com\/showup\/wp-json\/wp\/v2\/posts\/22348\/revisions"}],"wp:featuredmedia":[{"embeddable":true,"href":"https:\/\/www.cordobatimes.com\/showup\/wp-json\/wp\/v2\/media\/22378"}],"wp:attachment":[{"href":"https:\/\/www.cordobatimes.com\/showup\/wp-json\/wp\/v2\/media?parent=22348"}],"wp:term":[{"taxonomy":"category","embeddable":true,"href":"https:\/\/www.cordobatimes.com\/showup\/wp-json\/wp\/v2\/categories?post=22348"},{"taxonomy":"post_tag","embeddable":true,"href":"https:\/\/www.cordobatimes.com\/showup\/wp-json\/wp\/v2\/tags?post=22348"}],"curies":[{"name":"wp","href":"https:\/\/api.w.org\/{rel}","templated":true}]}}