{"id":22288,"date":"2014-06-09T15:05:24","date_gmt":"2014-06-09T18:05:24","guid":{"rendered":"http:\/\/cordobatimes.com\/showup\/?p=22288"},"modified":"2020-01-18T10:23:40","modified_gmt":"2020-01-18T13:23:40","slug":"la-tregua-mas-corta-maxi-lopez-fue-a-buscar-a-sus-hijos-y-wanda-se-los-nego","status":"publish","type":"post","link":"https:\/\/www.cordobatimes.com\/showup\/famosos\/2014\/06\/09\/la-tregua-mas-corta-maxi-lopez-fue-a-buscar-a-sus-hijos-y-wanda-se-los-nego\/","title":{"rendered":"La tregua m\u00e1s corta: Maxi L\u00f3pez fue a buscar a sus hijos y Wanda se los neg\u00f3"},"content":{"rendered":"<h3 style=\"text-align: justify;\"><strong>Luego del casamiento del a\u00f1o, y de la asistencia de los peque\u00f1os, la rubia deb\u00eda restituirlos a su padre para continuar con las vacaciones. Sin embargo eso no\u00a0ocurri\u00f3, y hubo disturbios en el domicilio del Country. \u00a0<\/strong><\/h3>\n<p style=\"text-align: justify;\">De acuerdo a lo acordado, los ni\u00f1os deber\u00edan haber sido restitu\u00eddos al padre a las 14 horas del domingo 8. Sin embargo, el pacto se quebr\u00f3 y todo termin\u00f3 en un esc\u00e1ndalo con denuncias y un viaje hasta la comisar\u00eda de General Pachecho.<\/p>\n<p style=\"text-align: justify;\">El problema comenz\u00f3 el s\u00e1bado por la noche, en plena boda, cuando notificaron a los abogados de Maxi que los chicos no ser\u00edan entregados, ya que una de las asistentes ten\u00eda franco el domingo, la segunda estaba enferma y la modelo no hab\u00eda podido encontrar un reemplazo.<\/p>\n<p style=\"text-align: justify;\">Ante esto, Maxi fue hasta la casa de la ni\u00f1era que seg\u00fan Wanda estaba enferma, y al ver que la mujer se encontraba en buenas condiciones, acudieron juntos hasta el domicilio de su ex a buscar a los peque\u00f1os, seg\u00fan confirm\u00f3 Manuel Beccar Varela, abogado penalista del jugador, al sitio Ciudad.com.<\/p>\n<p style=\"text-align: justify;\">Cuando L\u00f3pez lleg\u00f3, al ver que nadie le respond\u00eda, ingres\u00f3 al domicilio con la ni\u00f1era. Del lado del futbolista dicen que la puerta estaba abierta y \u00e9l s\u00f3lo ingres\u00f3 para llamar a Wanda. Por el lado de la modelo aducen que el futbolista irrumpi\u00f3 en el hogar, ya que conoc\u00eda la clave num\u00e9rica del moderno sistema de seguridad para acceder a la vivienda.<\/p>\n<p style=\"text-align: justify;\">Cuando Nara lo vio dentro del lugar, comenzaron los insultos y ella llam\u00f3 al 911, solicitando presencia policial. Lo llamativo es que Wanda denunci\u00f3 que su ex ten\u00eda una orden de restricci\u00f3n para no acercarse a ella y sus hijos.<\/p>\n<p style=\"text-align: justify;\"><strong>\u201cLos efectivos constataron con la fiscal que no hab\u00eda orden de restricci\u00f3n alguna y labraron un acta por impedimento de contacto del padre con sus hijos\u201d<\/strong>, le asegur\u00f3 Beccar Varela. Finalmente, Maxi fue escoltado por un patrullero hasta el destacamento de la fuerza ubicado en los Troncos del Talar, para prestar declaraci\u00f3n. All\u00ed continu\u00f3 el esc\u00e1ndalo, ya que Wanda e Icardi tambi\u00e9n acudieron a la comisar\u00eda para realizar una denuncia por violaci\u00f3n de domicilio de Maxi L\u00f3pez.<\/p>\n<p style=\"text-align: justify;\">Ana Rossenfeld explic\u00f3 el hecho, dando la versi\u00f3n de la modelo: <strong>\u00abEs una mujer de 60 a\u00f1os que no tuvo descanso desde que lleg\u00f3\u00bb<\/strong>. Tambi\u00e9n neg\u00f3 que su defendida le haya dicho a la Polic\u00eda que su ex ten\u00eda una orden de restricci\u00f3n y explic\u00f3 el porqu\u00e9 del pedido de Nara de incluir la presencia de la mujer como condici\u00f3n excluyente para que el futbolista se lleve a los ni\u00f1os. \u00ab<strong>El se\u00f1or Maxi Lopez necesita una ni\u00f1era porque sale todas las noches a distintos boliches, como se ve en las revistas, y hace falta una persona porque los chicos son peque\u00f1os. El tiene derecho a rearmar su vida, pero a Wanda le preocupa que no est\u00e9n cuidados\u00bb<\/strong>, se explay\u00f3.<\/p>\n<p style=\"text-align: justify;\">Adem\u00e1s, adelant\u00f3 que el conflicto seguramente perdure. <strong>\u201cLos nenes se entregar\u00e1n cuando est\u00e9n dadas las condiciones, no antes\u201d<\/strong>, fue la respuesta de Rosenfeld al consultar por la fecha en la que los peque\u00f1os se reencontrar\u00e1n con su padre.<\/p>\n","protected":false},"excerpt":{"rendered":"<p>Luego del casamiento del a\u00f1o, y de la asistencia de los peque\u00f1os, la rubia deb\u00eda restituirlos a su padre para continuar con las vacaciones. Sin embargo eso no\u00a0ocurri\u00f3, y hubo disturbios en el domicilio del Country. \u00a0 De acuerdo a lo acordado, los ni\u00f1os deber\u00edan haber sido restitu\u00eddos al padre a las 14 horas del [&hellip;]<\/p>\n","protected":false},"author":8,"featured_media":22310,"comment_status":"closed","ping_status":"closed","sticky":false,"template":"","format":"standard","meta":{"_seopress_robots_primary_cat":"","_seopress_titles_title":"","_seopress_titles_desc":"","_seopress_robots_index":"","footnotes":""},"categories":[4],"tags":[8171,7569],"class_list":{"0":"post-22288","1":"post","2":"type-post","3":"status-publish","4":"format-standard","5":"has-post-thumbnail","7":"category-famosos","8":"tag-hijos-de-wanda-nara-y-maxi-lopez","9":"tag-wanda-nara-maxi-lopez"},"_links":{"self":[{"href":"https:\/\/www.cordobatimes.com\/showup\/wp-json\/wp\/v2\/posts\/22288","targetHints":{"allow":["GET"]}}],"collection":[{"href":"https:\/\/www.cordobatimes.com\/showup\/wp-json\/wp\/v2\/posts"}],"about":[{"href":"https:\/\/www.cordobatimes.com\/showup\/wp-json\/wp\/v2\/types\/post"}],"author":[{"embeddable":true,"href":"https:\/\/www.cordobatimes.com\/showup\/wp-json\/wp\/v2\/users\/8"}],"replies":[{"embeddable":true,"href":"https:\/\/www.cordobatimes.com\/showup\/wp-json\/wp\/v2\/comments?post=22288"}],"version-history":[{"count":0,"href":"https:\/\/www.cordobatimes.com\/showup\/wp-json\/wp\/v2\/posts\/22288\/revisions"}],"wp:featuredmedia":[{"embeddable":true,"href":"https:\/\/www.cordobatimes.com\/showup\/wp-json\/wp\/v2\/media\/22310"}],"wp:attachment":[{"href":"https:\/\/www.cordobatimes.com\/showup\/wp-json\/wp\/v2\/media?parent=22288"}],"wp:term":[{"taxonomy":"category","embeddable":true,"href":"https:\/\/www.cordobatimes.com\/showup\/wp-json\/wp\/v2\/categories?post=22288"},{"taxonomy":"post_tag","embeddable":true,"href":"https:\/\/www.cordobatimes.com\/showup\/wp-json\/wp\/v2\/tags?post=22288"}],"curies":[{"name":"wp","href":"https:\/\/api.w.org\/{rel}","templated":true}]}}