{"id":22142,"date":"2014-06-07T17:09:11","date_gmt":"2014-06-07T20:09:11","guid":{"rendered":"http:\/\/cordobatimes.com\/showup\/?p=22142"},"modified":"2020-01-18T11:57:38","modified_gmt":"2020-01-18T14:57:38","slug":"hoy-en-gracias-por-venir-nazarena-velez","status":"publish","type":"post","link":"https:\/\/www.cordobatimes.com\/showup\/tv\/2014\/06\/07\/hoy-en-gracias-por-venir-nazarena-velez\/","title":{"rendered":"Hoy en \u00abGracias por venir\u00bb: Nazarena V\u00e9lez"},"content":{"rendered":"<h3 style=\"text-align: justify;\"><strong>Este s\u00e1bado a las 22 horas, en el reconocido ciclo de Telefe, se le dedicar\u00e1 la noche a quien pele\u00f3 como pocos por su carrera, la productora y actriz.<\/strong><\/h3>\n<p style=\"text-align: justify;\">En una charla \u00edntima junto a Gerardo Roz\u00edn y Julieta Prandi, Nazarena V\u00e9lez contar\u00e1 como sali\u00f3 adelante frente a la adversidad y c\u00f3mo fue su regreso al teatro tras la tr\u00e1gica muerte de su esposo.<\/p>\n<p style=\"text-align: justify;\">Sus compa\u00f1eros de \u201cLos locos Grimaldi\u201d y su hija B\u00e1rbara la acompa\u00f1ar\u00e1n y juntos repasar\u00e1n la vida y los logros de esta mujer tan querida por la gente que demostr\u00f3 que todo es posible.<\/p>\n<p style=\"text-align: justify;\">Recordemos \u00a0que la rubia ya fue invitada en otra ocasi\u00f3n donde su marido le dedicada un tierno mensaje.<\/p>\n<p><iframe loading=\"lazy\" src=\"\/\/www.youtube.com\/embed\/oqux35UWGpM\" width=\"420\" height=\"315\" frameborder=\"0\" allowfullscreen=\"allowfullscreen\"><\/iframe><\/p>\n","protected":false},"excerpt":{"rendered":"<p>Este s\u00e1bado a las 22 horas, en el reconocido ciclo de Telefe, se le dedicar\u00e1 la noche a quien pele\u00f3 como pocos por su carrera, la productora y actriz. En una charla \u00edntima junto a Gerardo Roz\u00edn y Julieta Prandi, Nazarena V\u00e9lez contar\u00e1 como sali\u00f3 adelante frente a la adversidad y c\u00f3mo fue su regreso [&hellip;]<\/p>\n","protected":false},"author":9,"featured_media":22143,"comment_status":"closed","ping_status":"closed","sticky":false,"template":"","format":"standard","meta":{"_seopress_robots_primary_cat":"","_seopress_titles_title":"","_seopress_titles_desc":"","_seopress_robots_index":"","footnotes":""},"categories":[2],"tags":[5113],"class_list":{"0":"post-22142","1":"post","2":"type-post","3":"status-publish","4":"format-standard","5":"has-post-thumbnail","7":"category-tv","8":"tag-carta-de-fabian-rodriguez-a-nazarena-velez"},"_links":{"self":[{"href":"https:\/\/www.cordobatimes.com\/showup\/wp-json\/wp\/v2\/posts\/22142","targetHints":{"allow":["GET"]}}],"collection":[{"href":"https:\/\/www.cordobatimes.com\/showup\/wp-json\/wp\/v2\/posts"}],"about":[{"href":"https:\/\/www.cordobatimes.com\/showup\/wp-json\/wp\/v2\/types\/post"}],"author":[{"embeddable":true,"href":"https:\/\/www.cordobatimes.com\/showup\/wp-json\/wp\/v2\/users\/9"}],"replies":[{"embeddable":true,"href":"https:\/\/www.cordobatimes.com\/showup\/wp-json\/wp\/v2\/comments?post=22142"}],"version-history":[{"count":0,"href":"https:\/\/www.cordobatimes.com\/showup\/wp-json\/wp\/v2\/posts\/22142\/revisions"}],"wp:featuredmedia":[{"embeddable":true,"href":"https:\/\/www.cordobatimes.com\/showup\/wp-json\/wp\/v2\/media\/22143"}],"wp:attachment":[{"href":"https:\/\/www.cordobatimes.com\/showup\/wp-json\/wp\/v2\/media?parent=22142"}],"wp:term":[{"taxonomy":"category","embeddable":true,"href":"https:\/\/www.cordobatimes.com\/showup\/wp-json\/wp\/v2\/categories?post=22142"},{"taxonomy":"post_tag","embeddable":true,"href":"https:\/\/www.cordobatimes.com\/showup\/wp-json\/wp\/v2\/tags?post=22142"}],"curies":[{"name":"wp","href":"https:\/\/api.w.org\/{rel}","templated":true}]}}