{"id":21798,"date":"2014-06-03T13:29:06","date_gmt":"2014-06-03T16:29:06","guid":{"rendered":"http:\/\/cordobatimes.com\/showup\/?p=21798"},"modified":"2020-01-19T09:39:08","modified_gmt":"2020-01-19T12:39:08","slug":"abel-pintos-descansando-y-entrenando-a-full","status":"publish","type":"post","link":"https:\/\/www.cordobatimes.com\/showup\/famosos\/2014\/06\/03\/abel-pintos-descansando-y-entrenando-a-full\/","title":{"rendered":"Abel Pintos: descansando y entrenando a full"},"content":{"rendered":"<h3 style=\"text-align: justify;\"><strong>Despu\u00e9s de arrasar y \u00a0agotar \u00a0siete Luna Park, el cantante se encuentra tomando un descanso antes de comenzar su gira nacional. <\/strong><\/h3>\n<p style=\"text-align: justify;\">Alejado por un tiempito de los escenarios, el carism\u00e1tico m\u00fasico sorprendi\u00f3 a todos sus fans y seguidores con un nuevo entretenimiento. \u00bfTe lo imaginas?<\/p>\n<p style=\"text-align: justify;\">Seg\u00fan refleja a trav\u00e9s de las redes sociales, en este momento de descanso, Abel se est\u00e1 enfocando en su salud y su preparaci\u00f3n f\u00edsica para \u00a1correr una marat\u00f3n!<\/p>\n<p style=\"text-align: justify;\">Mir\u00e1 c\u00f3mo lo expres\u00f3 en la red social del pajarito.<\/p>\n<p style=\"text-align: justify;\"><a href=\"http:\/\/cordobatimes.com\/showup\/wp-content\/uploads\/2014\/06\/ABEL-PINTOS.png\"><img loading=\"lazy\" decoding=\"async\" class=\"alignnone size-full wp-image-21834\" src=\"http:\/\/cordobatimes.com\/showup\/wp-content\/uploads\/2014\/06\/ABEL-PINTOS.png\" alt=\"ABEL PINTOS\" width=\"631\" height=\"429\" data-id=\"21834\" srcset=\"https:\/\/www.cordobatimes.com\/showup\/wp-content\/uploads\/2014\/06\/ABEL-PINTOS.png 631w, https:\/\/www.cordobatimes.com\/showup\/wp-content\/uploads\/2014\/06\/ABEL-PINTOS-300x203.png 300w, https:\/\/www.cordobatimes.com\/showup\/wp-content\/uploads\/2014\/06\/ABEL-PINTOS-600x407.png 600w\" sizes=\"auto, (max-width: 631px) 100vw, 631px\" \/><\/a><\/p>\n<p style=\"text-align: justify;\">En cuento a su carrera, pero de la profesional y musical, en agosto comienza con la gira nacional, e incluso internacional, de su disco \u00abAbel\u00bb. Adem\u00e1s, se presentar\u00e1 el 8 de noviembre en el Estadio \u00danico de la Plata.<\/p>\n","protected":false},"excerpt":{"rendered":"<p>Despu\u00e9s de arrasar y \u00a0agotar \u00a0siete Luna Park, el cantante se encuentra tomando un descanso antes de comenzar su gira nacional. Alejado por un tiempito de los escenarios, el carism\u00e1tico m\u00fasico sorprendi\u00f3 a todos sus fans y seguidores con un nuevo entretenimiento. \u00bfTe lo imaginas? Seg\u00fan refleja a trav\u00e9s de las redes sociales, en este [&hellip;]<\/p>\n","protected":false},"author":9,"featured_media":21835,"comment_status":"closed","ping_status":"closed","sticky":false,"template":"","format":"standard","meta":{"_seopress_robots_primary_cat":"","_seopress_titles_title":"","_seopress_titles_desc":"","_seopress_robots_index":"","footnotes":""},"categories":[4],"tags":[7166,28363],"class_list":{"0":"post-21798","1":"post","2":"type-post","3":"status-publish","4":"format-standard","5":"has-post-thumbnail","7":"category-famosos","8":"tag-primer-maraton-de-abel","9":"tag-vacaciones-de-abel-pintos"},"_links":{"self":[{"href":"https:\/\/www.cordobatimes.com\/showup\/wp-json\/wp\/v2\/posts\/21798","targetHints":{"allow":["GET"]}}],"collection":[{"href":"https:\/\/www.cordobatimes.com\/showup\/wp-json\/wp\/v2\/posts"}],"about":[{"href":"https:\/\/www.cordobatimes.com\/showup\/wp-json\/wp\/v2\/types\/post"}],"author":[{"embeddable":true,"href":"https:\/\/www.cordobatimes.com\/showup\/wp-json\/wp\/v2\/users\/9"}],"replies":[{"embeddable":true,"href":"https:\/\/www.cordobatimes.com\/showup\/wp-json\/wp\/v2\/comments?post=21798"}],"version-history":[{"count":0,"href":"https:\/\/www.cordobatimes.com\/showup\/wp-json\/wp\/v2\/posts\/21798\/revisions"}],"wp:featuredmedia":[{"embeddable":true,"href":"https:\/\/www.cordobatimes.com\/showup\/wp-json\/wp\/v2\/media\/21835"}],"wp:attachment":[{"href":"https:\/\/www.cordobatimes.com\/showup\/wp-json\/wp\/v2\/media?parent=21798"}],"wp:term":[{"taxonomy":"category","embeddable":true,"href":"https:\/\/www.cordobatimes.com\/showup\/wp-json\/wp\/v2\/categories?post=21798"},{"taxonomy":"post_tag","embeddable":true,"href":"https:\/\/www.cordobatimes.com\/showup\/wp-json\/wp\/v2\/tags?post=21798"}],"curies":[{"name":"wp","href":"https:\/\/api.w.org\/{rel}","templated":true}]}}