{"id":21793,"date":"2014-06-02T17:29:40","date_gmt":"2014-06-02T20:29:40","guid":{"rendered":"http:\/\/cordobatimes.com\/showup\/?p=21793"},"modified":"2020-01-19T10:07:34","modified_gmt":"2020-01-19T13:07:34","slug":"luli-salazar-morocha","status":"publish","type":"post","link":"https:\/\/www.cordobatimes.com\/showup\/famosos\/2014\/06\/02\/luli-salazar-morocha\/","title":{"rendered":"Luli Salazar \u00bfmorocha?"},"content":{"rendered":"<h3 style=\"text-align: justify;\"><strong>La bella modelo sorprendi\u00f3 a todos sus seguidores de Twitter con una foto en la que parece, haber abandonado el caracter\u00edstico rubio.\u00a0<\/strong><\/h3>\n<p style=\"text-align: justify;\">Luli \u00a0comenz\u00f3 a recibir la opini\u00f3n de sus fans sobre un aparente radical cambio de look pero, seg\u00fan public\u00f3 Teleshow, en realidad era una peluca que la modelo y panelista de \u00abAnimales Sueltos\u00bb se prob\u00f3 para ver c\u00f3mo le quedaba.<\/p>\n<p style=\"text-align: justify;\">Rubia, morocha o colorada, la bella Salazar deja ver que es una de las mujeres m\u00e1s hermosas del pa\u00eds sin importar el color de su cabello.<\/p>\n<p style=\"text-align: justify;\">A vos, \u00bfte gusta c\u00f3mo le queda?<\/p>\n<p style=\"text-align: justify;\"><a href=\"http:\/\/cordobatimes.com\/showup\/wp-content\/uploads\/2014\/06\/luliiiiiiiiiiiii.png\"><img loading=\"lazy\" decoding=\"async\" class=\"alignnone size-full wp-image-21796\" src=\"http:\/\/cordobatimes.com\/showup\/wp-content\/uploads\/2014\/06\/luliiiiiiiiiiiii.png\" alt=\"luliiiiiiiiiiiii\" width=\"600\" height=\"581\" data-id=\"21796\" srcset=\"https:\/\/www.cordobatimes.com\/showup\/wp-content\/uploads\/2014\/06\/luliiiiiiiiiiiii.png 600w, https:\/\/www.cordobatimes.com\/showup\/wp-content\/uploads\/2014\/06\/luliiiiiiiiiiiii-300x290.png 300w\" sizes=\"auto, (max-width: 600px) 100vw, 600px\" \/><\/a><\/p>\n<p>&nbsp;<\/p>\n","protected":false},"excerpt":{"rendered":"<p>La bella modelo sorprendi\u00f3 a todos sus seguidores de Twitter con una foto en la que parece, haber abandonado el caracter\u00edstico rubio.\u00a0 Luli \u00a0comenz\u00f3 a recibir la opini\u00f3n de sus fans sobre un aparente radical cambio de look pero, seg\u00fan public\u00f3 Teleshow, en realidad era una peluca que la modelo y panelista de \u00abAnimales Sueltos\u00bb [&hellip;]<\/p>\n","protected":false},"author":9,"featured_media":21794,"comment_status":"closed","ping_status":"closed","sticky":false,"template":"","format":"standard","meta":{"_seopress_robots_primary_cat":"","_seopress_titles_title":"","_seopress_titles_desc":"","_seopress_robots_index":"","footnotes":""},"categories":[4],"tags":[28368,28367],"class_list":{"0":"post-21793","1":"post","2":"type-post","3":"status-publish","4":"format-standard","5":"has-post-thumbnail","7":"category-famosos","8":"tag-cambio-de-look-de-luciana-salazar","9":"tag-luciana-salazar-morocha"},"_links":{"self":[{"href":"https:\/\/www.cordobatimes.com\/showup\/wp-json\/wp\/v2\/posts\/21793","targetHints":{"allow":["GET"]}}],"collection":[{"href":"https:\/\/www.cordobatimes.com\/showup\/wp-json\/wp\/v2\/posts"}],"about":[{"href":"https:\/\/www.cordobatimes.com\/showup\/wp-json\/wp\/v2\/types\/post"}],"author":[{"embeddable":true,"href":"https:\/\/www.cordobatimes.com\/showup\/wp-json\/wp\/v2\/users\/9"}],"replies":[{"embeddable":true,"href":"https:\/\/www.cordobatimes.com\/showup\/wp-json\/wp\/v2\/comments?post=21793"}],"version-history":[{"count":0,"href":"https:\/\/www.cordobatimes.com\/showup\/wp-json\/wp\/v2\/posts\/21793\/revisions"}],"wp:featuredmedia":[{"embeddable":true,"href":"https:\/\/www.cordobatimes.com\/showup\/wp-json\/wp\/v2\/media\/21794"}],"wp:attachment":[{"href":"https:\/\/www.cordobatimes.com\/showup\/wp-json\/wp\/v2\/media?parent=21793"}],"wp:term":[{"taxonomy":"category","embeddable":true,"href":"https:\/\/www.cordobatimes.com\/showup\/wp-json\/wp\/v2\/categories?post=21793"},{"taxonomy":"post_tag","embeddable":true,"href":"https:\/\/www.cordobatimes.com\/showup\/wp-json\/wp\/v2\/tags?post=21793"}],"curies":[{"name":"wp","href":"https:\/\/api.w.org\/{rel}","templated":true}]}}