{"id":21661,"date":"2014-06-01T12:06:20","date_gmt":"2014-06-01T15:06:20","guid":{"rendered":"http:\/\/cordobatimes.com\/showup\/?p=21661"},"modified":"2020-01-19T11:31:53","modified_gmt":"2020-01-19T14:31:53","slug":"se-viene-el-segundo-sabrina-rojas-confirmo-su-embarazo-junto-a-luciano-castro","status":"publish","type":"post","link":"https:\/\/www.cordobatimes.com\/showup\/famosos\/2014\/06\/01\/se-viene-el-segundo-sabrina-rojas-confirmo-su-embarazo-junto-a-luciano-castro\/","title":{"rendered":"\u00a1Se viene el segundo! Sabrina Rojas confirm\u00f3 su embarazo junto a Luciano Castro"},"content":{"rendered":"<h3 style=\"text-align: justify;\"><strong>La actriz y bailarina se encuentra en la dulce espera. A tan s\u00f3lo un a\u00f1o de la llega de Esperanza, \u00bfse vendr\u00e1 el var\u00f3n?<\/strong><\/h3>\n<p style=\"text-align: justify;\">Sabrina Rojas y Luciano Castro est\u00e1n esperando su segundo hijo juntos. Tras la llegada de Esperanza, el 15 de junio de 2013, hoy la pareja vuelve a celebrar.<\/p>\n<p style=\"text-align: justify;\">La informaci\u00f3n hab\u00eda sido contada por Daniel G\u00f3mez Rinaldi en Implacables, donde relat\u00f3 que ambos est\u00e1n muy felices.<\/p>\n<p style=\"text-align: justify;\">Sabrina le confirm\u00f3 a Ciudad.com la novedad. \u201cEstoy de ocho semanas\u201d, detall\u00f3 la bella rubia. L\u00f3gicamente, la alegr\u00eda es tanta que no le entra en el coraz\u00f3n y la actriz reflej\u00f3 su felicidad en su estado de Whatsapp. \u201cMam\u00e1 100%\u201d, se defini\u00f3.<\/p>\n<p style=\"text-align: justify;\">En varias oportunidades, el gal\u00e1n de Sres. Papis manifest\u00f3 sus deseos de volver a ser pap\u00e1, ya que su mayor sue\u00f1o es tener seis hijos junto a la modelo. Por su parte, Castro ya es padre de Mateo (12), fruto de una relaci\u00f3n anterior.<\/p>\n<p style=\"text-align: justify;\">Sabrina, en cambio, admite: \u00abMe volv\u00ed mala con la maternidad\u00bb.<\/p>\n<p><iframe loading=\"lazy\" src=\"\/\/www.youtube.com\/embed\/pr7EFW-izg8\" width=\"420\" height=\"315\" frameborder=\"0\" allowfullscreen=\"allowfullscreen\"><\/iframe><\/p>\n","protected":false},"excerpt":{"rendered":"<p>La actriz y bailarina se encuentra en la dulce espera. A tan s\u00f3lo un a\u00f1o de la llega de Esperanza, \u00bfse vendr\u00e1 el var\u00f3n? Sabrina Rojas y Luciano Castro est\u00e1n esperando su segundo hijo juntos. Tras la llegada de Esperanza, el 15 de junio de 2013, hoy la pareja vuelve a celebrar. La informaci\u00f3n hab\u00eda [&hellip;]<\/p>\n","protected":false},"author":9,"featured_media":21662,"comment_status":"closed","ping_status":"closed","sticky":false,"template":"","format":"standard","meta":{"_seopress_robots_primary_cat":"","_seopress_titles_title":"","_seopress_titles_desc":"","_seopress_robots_index":"","footnotes":""},"categories":[4],"tags":[28381,28382],"class_list":{"0":"post-21661","1":"post","2":"type-post","3":"status-publish","4":"format-standard","5":"has-post-thumbnail","7":"category-famosos","8":"tag-sabrina-rojas-embarazada","9":"tag-sabrina-rojas-luciano-castro"},"_links":{"self":[{"href":"https:\/\/www.cordobatimes.com\/showup\/wp-json\/wp\/v2\/posts\/21661","targetHints":{"allow":["GET"]}}],"collection":[{"href":"https:\/\/www.cordobatimes.com\/showup\/wp-json\/wp\/v2\/posts"}],"about":[{"href":"https:\/\/www.cordobatimes.com\/showup\/wp-json\/wp\/v2\/types\/post"}],"author":[{"embeddable":true,"href":"https:\/\/www.cordobatimes.com\/showup\/wp-json\/wp\/v2\/users\/9"}],"replies":[{"embeddable":true,"href":"https:\/\/www.cordobatimes.com\/showup\/wp-json\/wp\/v2\/comments?post=21661"}],"version-history":[{"count":0,"href":"https:\/\/www.cordobatimes.com\/showup\/wp-json\/wp\/v2\/posts\/21661\/revisions"}],"wp:featuredmedia":[{"embeddable":true,"href":"https:\/\/www.cordobatimes.com\/showup\/wp-json\/wp\/v2\/media\/21662"}],"wp:attachment":[{"href":"https:\/\/www.cordobatimes.com\/showup\/wp-json\/wp\/v2\/media?parent=21661"}],"wp:term":[{"taxonomy":"category","embeddable":true,"href":"https:\/\/www.cordobatimes.com\/showup\/wp-json\/wp\/v2\/categories?post=21661"},{"taxonomy":"post_tag","embeddable":true,"href":"https:\/\/www.cordobatimes.com\/showup\/wp-json\/wp\/v2\/tags?post=21661"}],"curies":[{"name":"wp","href":"https:\/\/api.w.org\/{rel}","templated":true}]}}