{"id":21655,"date":"2014-06-01T11:39:57","date_gmt":"2014-06-01T14:39:57","guid":{"rendered":"http:\/\/cordobatimes.com\/showup\/?p=21655"},"modified":"2020-01-19T11:38:36","modified_gmt":"2020-01-19T14:38:36","slug":"camila-estrena-su-tercer-disco","status":"publish","type":"post","link":"https:\/\/www.cordobatimes.com\/showup\/musica\/2014\/06\/01\/camila-estrena-su-tercer-disco\/","title":{"rendered":"\u00abCamila\u00bb estrena su tercer disco"},"content":{"rendered":"<h3 style=\"text-align: justify;\"><strong>El grupo mexicano regresa con su \u00abElypse\u00bb, un trabajo \u00abmaduro\u00bb que fusiona desde los arreglos orquestales a la m\u00fasica electr\u00f3nica y que, con una l\u00edrica muy cuidada, transcurre por temas como la ansiedad, la fuerza del presente o la a\u00f1oranza.<\/strong><\/h3>\n<p style=\"text-align: justify;\">En declaraciones a Europa Press Televisi\u00f3n, los componentes del conjunto, Mario Domm y Pablo Hurtado han se\u00f1alado que tras varios a\u00f1os sin dejarse ver mucho en la esfera musical ahora tienen \u00abalgo nuevo\u00bb que contar y est\u00e1n deseando volver a pisar los escenarios.<\/p>\n<p style=\"text-align: justify;\">\u00abQuer\u00edamos tener tiempo para tomar distancia entre el escenario y Camila, necesit\u00e1bamos tiempo para volver a casa, para volver a estar con nuestras parejas, con nuestras familias; fueron nueve a\u00f1os de estar de gira, sin detenernos, en un desequilibrio total, y para escribir es importante vivir, estar en paz, tener algo nuevo, escucharse, lograr silencio\u00bb, ha explicado Mario Domm.<\/p>\n<p style=\"text-align: justify;\">Tras \u00abTodo cambi\u00f3\u00bb (2006) y \u00abDejarte de amar\u00bb (2010) ahora regresan con \u00abEclypse\u00bb, doce canciones que para Pablo Hurtado \u00abcuentan con la esencia de Camila pero con un sonido m\u00e1s fresco\u00bb ya que han contado con los arreglos del compositor espa\u00f1ol Roque Ba\u00f1os y han realizado a la vez incursiones en la m\u00fasica electr\u00f3nica.<\/p>\n<p style=\"text-align: justify;\">Los amantes de su m\u00fasica pueden estar tranquilos porque aunque innove con lo \u00abfresco\u00bb, el sonido es \u00abreconocible\u00bb, la esencia de la banda \u00absigue igual\u00bb a pesar de que, en cada disco, tratan de \u00abdar pasos adelante\u00bb y evolucionar coherentemente con la m\u00fasica.<\/p>\n<p style=\"text-align: justify;\">\u00abLlevamos tantos a\u00f1os tocando juntos que siempre tenemos ganas de hacer algo diferente, pero siempre la esencia del sonido de Pablo y m\u00edo es Camila\u00bb, ha explicado Domm.<\/p>\n<p style=\"text-align: justify;\">Fuente: culturaocio.com<\/p>\n<p>&nbsp;<\/p>\n<p>&nbsp;<\/p>\n","protected":false},"excerpt":{"rendered":"<p>El grupo mexicano regresa con su \u00abElypse\u00bb, un trabajo \u00abmaduro\u00bb que fusiona desde los arreglos orquestales a la m\u00fasica electr\u00f3nica y que, con una l\u00edrica muy cuidada, transcurre por temas como la ansiedad, la fuerza del presente o la a\u00f1oranza. En declaraciones a Europa Press Televisi\u00f3n, los componentes del conjunto, Mario Domm y Pablo Hurtado [&hellip;]<\/p>\n","protected":false},"author":9,"featured_media":21656,"comment_status":"closed","ping_status":"closed","sticky":false,"template":"","format":"standard","meta":{"_seopress_robots_primary_cat":"","_seopress_titles_title":"","_seopress_titles_desc":"","_seopress_robots_index":"","footnotes":""},"categories":[5],"tags":[7100],"class_list":{"0":"post-21655","1":"post","2":"type-post","3":"status-publish","4":"format-standard","5":"has-post-thumbnail","7":"category-musica","8":"tag-tercer-disco-de-camila"},"_links":{"self":[{"href":"https:\/\/www.cordobatimes.com\/showup\/wp-json\/wp\/v2\/posts\/21655","targetHints":{"allow":["GET"]}}],"collection":[{"href":"https:\/\/www.cordobatimes.com\/showup\/wp-json\/wp\/v2\/posts"}],"about":[{"href":"https:\/\/www.cordobatimes.com\/showup\/wp-json\/wp\/v2\/types\/post"}],"author":[{"embeddable":true,"href":"https:\/\/www.cordobatimes.com\/showup\/wp-json\/wp\/v2\/users\/9"}],"replies":[{"embeddable":true,"href":"https:\/\/www.cordobatimes.com\/showup\/wp-json\/wp\/v2\/comments?post=21655"}],"version-history":[{"count":0,"href":"https:\/\/www.cordobatimes.com\/showup\/wp-json\/wp\/v2\/posts\/21655\/revisions"}],"wp:featuredmedia":[{"embeddable":true,"href":"https:\/\/www.cordobatimes.com\/showup\/wp-json\/wp\/v2\/media\/21656"}],"wp:attachment":[{"href":"https:\/\/www.cordobatimes.com\/showup\/wp-json\/wp\/v2\/media?parent=21655"}],"wp:term":[{"taxonomy":"category","embeddable":true,"href":"https:\/\/www.cordobatimes.com\/showup\/wp-json\/wp\/v2\/categories?post=21655"},{"taxonomy":"post_tag","embeddable":true,"href":"https:\/\/www.cordobatimes.com\/showup\/wp-json\/wp\/v2\/tags?post=21655"}],"curies":[{"name":"wp","href":"https:\/\/api.w.org\/{rel}","templated":true}]}}