{"id":21617,"date":"2014-05-31T17:08:37","date_gmt":"2014-05-31T20:08:37","guid":{"rendered":"http:\/\/cordobatimes.com\/showup\/?p=21617"},"modified":"2020-01-05T20:34:39","modified_gmt":"2020-01-05T23:34:39","slug":"te-imaginas-la-intro-de-got-fusionada-con-la-the-walking-dead-video","status":"publish","type":"post","link":"https:\/\/www.cordobatimes.com\/showup\/cine-y-series\/2014\/05\/31\/te-imaginas-la-intro-de-got-fusionada-con-la-the-walking-dead-video\/","title":{"rendered":"\u00bfTe imagin\u00e1s la intro de \u00abGOT\u00bb fusionada con la The Walking Dead? (Video)"},"content":{"rendered":"<h3 style=\"text-align: justify;\"><strong>Si eres amante de Juego de tronos y de la serie que tiene como protagonistas a los zombies, \u00a0no podes dejar de ver este clip creado por Keith Eng en la que dos de las ficciones m\u00e1s exitosas del panorama televisivo actual.<\/strong><\/h3>\n<p style=\"text-align: justify;\">La cabecera de Juego de tronos ha sido reinventada, una vez m\u00e1s. Tras ver la versi\u00f3n en 8 bits al estilo Super Mario, o la versi\u00f3n simpsonizada, por nombrar algunas, en esta ocasi\u00f3n, llega al estilo The Walking Dead.<\/p>\n<p style=\"text-align: justify;\">En el v\u00eddeo podemos ver como se asemeja a la intro de la apocal\u00edptica ficci\u00f3n zombie de AMC con planos m\u00e1s oscuros, con planos detalle de ojos que se mueven y, como no pod\u00eda ser de otra manera teniendo en cuanta las dos series de las que estamos hablando, sangre.<\/p>\n<p style=\"text-align: justify;\">Si sos fan\u00e1tico de los muertos vivos y de las grandes y fascinantes batallas por un trono, no podes dejar de ver este video.<\/p>\n<p><iframe loading=\"lazy\" src=\"\/\/www.youtube.com\/embed\/Lj6iM_HaTCg\" width=\"560\" height=\"315\" frameborder=\"0\" allowfullscreen=\"allowfullscreen\"><\/iframe><\/p>\n<p>Adem\u00e1s te contamos que la cuarta temporada de Juego de tronos se emite en estos momentos en HBO y est\u00e1 siendo la m\u00e1s exitosa de la serie hasta la fecha. En el pr\u00f3ximo episodio<a title=\"La Monta\u00f1a vs Oberyn: la mejor pelea de Juego de Tronos\" href=\"http:\/\/cordobatimes.com\/showup\/tv\/2014\/05\/22\/la-montana-vs-oberyn-la-mejor-pelea-de-juego-de-tronos\/\" target=\"_blank\" rel=\"noopener noreferrer\">,<\/a>The Mountain and the Viper (La Monta\u00f1a y la V\u00edbora), los fans de la ficci\u00f3n ser\u00e1n testigos de \u00abla mejor lucha de Juego de tronos\u00bb.<\/p>\n<p>Tambi\u00e9n, y seg\u00fan las \u00faltimas informaciones, parte de la quinta temporada de la ficci\u00f3n se rodar\u00e1 en Espa\u00f1a, concretamente en Andaluc\u00eda donde los responsables de HBO ya han estado buscando localizaciones.<\/p>\n<p>Fuente: culturaocio.com<\/p>\n","protected":false},"excerpt":{"rendered":"<p>Si eres amante de Juego de tronos y de la serie que tiene como protagonistas a los zombies, \u00a0no podes dejar de ver este clip creado por Keith Eng en la que dos de las ficciones m\u00e1s exitosas del panorama televisivo actual. La cabecera de Juego de tronos ha sido reinventada, una vez m\u00e1s. Tras [&hellip;]<\/p>\n","protected":false},"author":9,"featured_media":21618,"comment_status":"closed","ping_status":"closed","sticky":false,"template":"","format":"standard","meta":{"_seopress_robots_primary_cat":"","_seopress_titles_title":"","_seopress_titles_desc":"","_seopress_robots_index":"","footnotes":""},"categories":[3],"tags":[27797,27796],"class_list":{"0":"post-21617","1":"post","2":"type-post","3":"status-publish","4":"format-standard","5":"has-post-thumbnail","7":"category-cine-y-series","8":"tag-game-of-thrones-the-walking-dead","9":"tag-intro-de-got-fusionada-con-la-the-walking-dead"},"_links":{"self":[{"href":"https:\/\/www.cordobatimes.com\/showup\/wp-json\/wp\/v2\/posts\/21617","targetHints":{"allow":["GET"]}}],"collection":[{"href":"https:\/\/www.cordobatimes.com\/showup\/wp-json\/wp\/v2\/posts"}],"about":[{"href":"https:\/\/www.cordobatimes.com\/showup\/wp-json\/wp\/v2\/types\/post"}],"author":[{"embeddable":true,"href":"https:\/\/www.cordobatimes.com\/showup\/wp-json\/wp\/v2\/users\/9"}],"replies":[{"embeddable":true,"href":"https:\/\/www.cordobatimes.com\/showup\/wp-json\/wp\/v2\/comments?post=21617"}],"version-history":[{"count":0,"href":"https:\/\/www.cordobatimes.com\/showup\/wp-json\/wp\/v2\/posts\/21617\/revisions"}],"wp:featuredmedia":[{"embeddable":true,"href":"https:\/\/www.cordobatimes.com\/showup\/wp-json\/wp\/v2\/media\/21618"}],"wp:attachment":[{"href":"https:\/\/www.cordobatimes.com\/showup\/wp-json\/wp\/v2\/media?parent=21617"}],"wp:term":[{"taxonomy":"category","embeddable":true,"href":"https:\/\/www.cordobatimes.com\/showup\/wp-json\/wp\/v2\/categories?post=21617"},{"taxonomy":"post_tag","embeddable":true,"href":"https:\/\/www.cordobatimes.com\/showup\/wp-json\/wp\/v2\/tags?post=21617"}],"curies":[{"name":"wp","href":"https:\/\/api.w.org\/{rel}","templated":true}]}}