{"id":21488,"date":"2023-03-29T08:00:55","date_gmt":"2023-03-29T11:00:55","guid":{"rendered":"http:\/\/cordobatimes.com\/showup\/?p=21488"},"modified":"2023-03-29T09:10:51","modified_gmt":"2023-03-29T12:10:51","slug":"menu-de-domingo-canelones-de-ricota-y-espinaca-gratinados","status":"publish","type":"post","link":"https:\/\/www.cordobatimes.com\/showup\/cocina\/2023\/03\/29\/menu-de-domingo-canelones-de-ricota-y-espinaca-gratinados\/","title":{"rendered":"Canelones de ricota y espinaca gratinados"},"content":{"rendered":"<h3><span style=\"text-decoration: underline;\"><strong>Ingredientes:<\/strong><\/span><\/h3>\n<div id=\"ingrediente\">\n<p>Para la masa:<\/p>\n<p>Leche 1 litro<\/p>\n<p>Huevos 6<\/p>\n<\/div>\n<div id=\"ingrediente\">\n<p>Harina 000 50 grs<\/p>\n<\/div>\n<div id=\"lineasepara\">Sal 1 cda<\/div>\n<div id=\"ingrediente\">\n<div id=\"punto\"><\/div>\n<p>Para el relleno:<\/p>\n<\/div>\n<div id=\"ingrediente\">\n<p>Aceite de ma\u00edz 2 cdas<\/p>\n<div id=\"punto\" style=\"display: inline !important;\"><\/div>\n<\/div>\n<div id=\"ingrediente\">\n<p>Espinaca 2 atados<\/p>\n<div id=\"punto\" style=\"display: inline !important;\"><\/div>\n<\/div>\n<div id=\"ingrediente\">\n<p>Cebolla de verdeo 1<\/p>\n<div id=\"punto\" style=\"display: inline !important;\"><\/div>\n<\/div>\n<div id=\"ingrediente\">\n<p>Apio 1 rama<\/p>\n<div id=\"punto\" style=\"display: inline !important;\"><\/div>\n<\/div>\n<div id=\"ingrediente\">\n<p>Vino blanco 1\/2 copa<\/p>\n<div id=\"punto\" style=\"display: inline !important;\"><\/div>\n<\/div>\n<div id=\"ingrediente\">\n<p>Sal fina<\/p>\n<div id=\"punto\" style=\"display: inline !important;\"><\/div>\n<\/div>\n<div id=\"ingrediente\">\n<p>Pimienta negra molida<\/p>\n<div id=\"punto\" style=\"display: inline !important;\"><\/div>\n<\/div>\n<div id=\"ingrediente\">\n<p>Ricota 200 grs<\/p>\n<div id=\"punto\" style=\"display: inline !important;\"><\/div>\n<\/div>\n<div id=\"ingrediente\">\n<p>Cebolla 1<\/p>\n<div id=\"punto\" style=\"display: inline !important;\"><\/div>\n<\/div>\n<div id=\"ingrediente\">\n<p>Crema de leche 1\/2 taza<\/p>\n<div id=\"punto\" style=\"display: inline !important;\"><\/div>\n<\/div>\n<div id=\"ingrediente\">Perejil picado 3 cdas<\/div>\n<div id=\"ingrediente\">\n<div id=\"punto\"><\/div>\n<p>Para la salsa:<\/p>\n<\/div>\n<div id=\"lineasepara\">Manteca 2 cdas<\/div>\n<div id=\"lineasepara\">\n<p>Harina 2 cdas<\/p>\n<div id=\"punto\" style=\"display: inline !important;\"><\/div>\n<\/div>\n<div id=\"ingrediente\">\n<p>Leche 1\/2 litro<\/p>\n<div id=\"punto\" style=\"display: inline !important;\"><\/div>\n<\/div>\n<div id=\"ingrediente\">\n<p>Sal fina<\/p>\n<div id=\"punto\" style=\"display: inline !important;\"><\/div>\n<\/div>\n<div id=\"ingrediente\">\n<p>Pimienta blanca<\/p>\n<div id=\"punto\" style=\"display: inline !important;\"><\/div>\n<\/div>\n<div id=\"ingrediente\">\n<p>Nuez moscada<\/p>\n<div id=\"punto\" style=\"display: inline !important;\"><\/div>\n<\/div>\n<div id=\"ingrediente\">\n<p>Crema de leche 1 taza<\/p>\n<div id=\"punto\" style=\"display: inline !important;\"><\/div>\n<\/div>\n<div id=\"ingrediente\">Queso rallado grueso 200 grs<\/div>\n<div><\/div>\n<div><span style=\"text-decoration: underline;\"><strong>Preparaci\u00f3n:<\/strong><\/span><\/div>\n<div><\/div>\n<div>\n<p style=\"text-align: justify;\">PARA LOS PANQUEQUES: Armar una pasta l\u00edquida, que no es ni m\u00e1s ni menos que la que corresponde a los panqueques o cr\u00eapes con una mezcla de harina huevo y lecha<\/p>\n<p style=\"text-align: justify;\">PARA EL RELLENO: En una sart\u00e9n o cacerola al fuego con aceite de ma\u00edz caliente, cocinar las cebollas de verdeo, apio, todo minuciosamente picado. Remover constantemente con cuchara de madera y controlar la saz\u00f3n con sal fina. A los 3 minutos de incorporadas las anteriores verduras sumar los tomates picados. Luego de dos minutos m\u00e1s levantar el fondo de cocci\u00f3n con el vino blanco y llevar a un hervor por otros dos minutos. Por otro lado, en un recipiente y sin necesidad de pasar por el fuego, colocamos la ricota, sal, pimienta, crema de leche y la espinaca en juliana. Una vez reduce el vino, agregamos la ricotta y la espinaca y retiramos del fuego. Revolvemos bien para integrar los ingredientes y reservamos.<\/p>\n<p style=\"text-align: justify;\">PARA LA SALSA: Colocar en una cacerolita la manteca y la derretimos a fuego suave. Adicionamos la harina y revolvemos con cuchara de madera durante un minuto para que se cocine la harina. Luego vertemos la leche, preferentemente caliente y llevamos a un hervor suave. Armamos los canelones y gratinamos al horno con la salsa de tomate, la blanca y el queso.<\/p>\n<\/div>\n","protected":false},"excerpt":{"rendered":"<p>Ingredientes: Para la masa: Leche 1 litro Huevos 6 Harina 000 50 grs Sal 1 cda Para el relleno: Aceite de ma\u00edz 2 cdas Espinaca 2 atados Cebolla de verdeo 1 Apio 1 rama Vino blanco 1\/2 copa Sal fina Pimienta negra molida Ricota 200 grs Cebolla 1 Crema de leche 1\/2 taza Perejil picado [&hellip;]<\/p>\n","protected":false},"author":9,"featured_media":21489,"comment_status":"closed","ping_status":"closed","sticky":false,"template":"","format":"standard","meta":{"_seopress_robots_primary_cat":"","_seopress_titles_title":"","_seopress_titles_desc":"","_seopress_robots_index":"","footnotes":""},"categories":[1,317],"tags":[3869,16588,17930,23664],"class_list":{"0":"post-21488","1":"post","2":"type-post","3":"status-publish","4":"format-standard","5":"has-post-thumbnail","7":"category-cocina","8":"category-recetas","9":"tag-pastas","10":"tag-recetas-de-canelones","11":"tag-recetas-de-ricota","12":"tag-tipos-de-canelones"},"_links":{"self":[{"href":"https:\/\/www.cordobatimes.com\/showup\/wp-json\/wp\/v2\/posts\/21488","targetHints":{"allow":["GET"]}}],"collection":[{"href":"https:\/\/www.cordobatimes.com\/showup\/wp-json\/wp\/v2\/posts"}],"about":[{"href":"https:\/\/www.cordobatimes.com\/showup\/wp-json\/wp\/v2\/types\/post"}],"author":[{"embeddable":true,"href":"https:\/\/www.cordobatimes.com\/showup\/wp-json\/wp\/v2\/users\/9"}],"replies":[{"embeddable":true,"href":"https:\/\/www.cordobatimes.com\/showup\/wp-json\/wp\/v2\/comments?post=21488"}],"version-history":[{"count":0,"href":"https:\/\/www.cordobatimes.com\/showup\/wp-json\/wp\/v2\/posts\/21488\/revisions"}],"wp:featuredmedia":[{"embeddable":true,"href":"https:\/\/www.cordobatimes.com\/showup\/wp-json\/wp\/v2\/media\/21489"}],"wp:attachment":[{"href":"https:\/\/www.cordobatimes.com\/showup\/wp-json\/wp\/v2\/media?parent=21488"}],"wp:term":[{"taxonomy":"category","embeddable":true,"href":"https:\/\/www.cordobatimes.com\/showup\/wp-json\/wp\/v2\/categories?post=21488"},{"taxonomy":"post_tag","embeddable":true,"href":"https:\/\/www.cordobatimes.com\/showup\/wp-json\/wp\/v2\/tags?post=21488"}],"curies":[{"name":"wp","href":"https:\/\/api.w.org\/{rel}","templated":true}]}}