{"id":21387,"date":"2014-05-29T01:23:57","date_gmt":"2014-05-29T04:23:57","guid":{"rendered":"http:\/\/cordobatimes.com\/showup\/?p=21387"},"modified":"2020-01-07T08:19:44","modified_gmt":"2020-01-07T11:19:44","slug":"organizan-marcha-para-despertar-a-cerati","status":"publish","type":"post","link":"https:\/\/www.cordobatimes.com\/showup\/famosos\/2014\/05\/29\/organizan-marcha-para-despertar-a-cerati\/","title":{"rendered":"Organizan marcha para \u00abdespertar\u00bb a Cerati"},"content":{"rendered":"<h3 style=\"text-align: justify;\"><strong>Un grupo de fan\u00e1ticos chilenos est\u00e1n organizando a trav\u00e9s de Facebook un \u201ccacerolazo\u201d con el fin de ayudar espiritualmente a que el reconocido m\u00fasico, se despierte.<\/strong><\/h3>\n<p style=\"text-align: justify;\">Los convocatoria es a un \u00abcacerolazo\u00bb y la fecha es para \u00a0el 20 de junio en la Plaza Italia de Santiago de Chile a las 9.30, para ver si el ruido logra despertar de una vez al l\u00edder de Soda Stereo.<\/p>\n<p style=\"text-align: justify;\">Organizado por Jon\u00e1than Orrego y Mathias Urbina, el evento se propone ser una \u201cMarcha en honor a Gustavo\u201d, y ya cuenta con cerca de 30 mil usuarios de la red social que marcaron que participar\u00e1n.<\/p>\n<p style=\"text-align: justify;\">Recordemos que Cerati contin\u00faa internado en la cl\u00ednica ALCLA \u201csin cambios neurol\u00f3gicos significativos\u201d y \u201csin complicaciones agudas, con buen estado nutricional\u201d, seg\u00fan el \u00faltimo parte m\u00e9dico difundido hace algunos d\u00edas, al cumplirse cuatro a\u00f1os del accidente cerebrovascular que sufri\u00f3 en Venezuela.<\/p>\n<p style=\"text-align: justify;\">De acuerdo al escrito, el m\u00fasico \u201ccontin\u00faa internado, encontr\u00e1ndose cl\u00ednica y hemodin\u00e1micamente estable, sin complicaciones agudas, manteniendo un buen estado nutricional y sin presentar lesiones por dec\u00fabito. Neurol\u00f3gicamente no ha tenido cambios significativos y permanece con asistencia ventilatoria mec\u00e1nica\u201d.<\/p>\n","protected":false},"excerpt":{"rendered":"<p>Un grupo de fan\u00e1ticos chilenos est\u00e1n organizando a trav\u00e9s de Facebook un \u201ccacerolazo\u201d con el fin de ayudar espiritualmente a que el reconocido m\u00fasico, se despierte. Los convocatoria es a un \u00abcacerolazo\u00bb y la fecha es para \u00a0el 20 de junio en la Plaza Italia de Santiago de Chile a las 9.30, para ver si [&hellip;]<\/p>\n","protected":false},"author":9,"featured_media":21429,"comment_status":"closed","ping_status":"closed","sticky":false,"template":"","format":"standard","meta":{"_seopress_robots_primary_cat":"","_seopress_titles_title":"","_seopress_titles_desc":"","_seopress_robots_index":"","footnotes":""},"categories":[4],"tags":[27836,7011,27835],"class_list":{"0":"post-21387","1":"post","2":"type-post","3":"status-publish","4":"format-standard","5":"has-post-thumbnail","7":"category-famosos","8":"tag-accidente-cerebro-vascular-de-gustavo-cerati","9":"tag-cacerolazo-para-despertar-a-cerati","10":"tag-marcha-para-despertar-a-cerati"},"_links":{"self":[{"href":"https:\/\/www.cordobatimes.com\/showup\/wp-json\/wp\/v2\/posts\/21387","targetHints":{"allow":["GET"]}}],"collection":[{"href":"https:\/\/www.cordobatimes.com\/showup\/wp-json\/wp\/v2\/posts"}],"about":[{"href":"https:\/\/www.cordobatimes.com\/showup\/wp-json\/wp\/v2\/types\/post"}],"author":[{"embeddable":true,"href":"https:\/\/www.cordobatimes.com\/showup\/wp-json\/wp\/v2\/users\/9"}],"replies":[{"embeddable":true,"href":"https:\/\/www.cordobatimes.com\/showup\/wp-json\/wp\/v2\/comments?post=21387"}],"version-history":[{"count":0,"href":"https:\/\/www.cordobatimes.com\/showup\/wp-json\/wp\/v2\/posts\/21387\/revisions"}],"wp:featuredmedia":[{"embeddable":true,"href":"https:\/\/www.cordobatimes.com\/showup\/wp-json\/wp\/v2\/media\/21429"}],"wp:attachment":[{"href":"https:\/\/www.cordobatimes.com\/showup\/wp-json\/wp\/v2\/media?parent=21387"}],"wp:term":[{"taxonomy":"category","embeddable":true,"href":"https:\/\/www.cordobatimes.com\/showup\/wp-json\/wp\/v2\/categories?post=21387"},{"taxonomy":"post_tag","embeddable":true,"href":"https:\/\/www.cordobatimes.com\/showup\/wp-json\/wp\/v2\/tags?post=21387"}],"curies":[{"name":"wp","href":"https:\/\/api.w.org\/{rel}","templated":true}]}}