{"id":21371,"date":"2014-05-28T17:02:22","date_gmt":"2014-05-28T20:02:22","guid":{"rendered":"http:\/\/cordobatimes.com\/showup\/?p=21371"},"modified":"2020-01-07T08:42:47","modified_gmt":"2020-01-07T11:42:47","slug":"karina-jelinek-a-declarar","status":"publish","type":"post","link":"https:\/\/www.cordobatimes.com\/showup\/famosos\/2014\/05\/28\/karina-jelinek-a-declarar\/","title":{"rendered":"Karina Jelinek: a declarar"},"content":{"rendered":"<h3 style=\"text-align: justify;\"><strong>La modelo asisti\u00f3 en la ma\u00f1ana de este mi\u00e9rcoles junto\u00a0a su abogado a los tribunales de La Plata en el marco \u00a0por la causa por la que su ex marido est\u00e1 procesado con prisi\u00f3n preventiva por los delitos de \u00abevasi\u00f3n fiscal agravada e insolvencia fiscal fraudulenta\u00bb .<\/strong><\/h3>\n<p style=\"text-align: justify;\">\u00abTraje documentaci\u00f3n que prueba el v\u00ednculo\u00bb, hab\u00eda declarado en abril Jelinek cuando fue citada por el juez federal Manuel Blanco, pero no pudo llegar a declarar por lo que fue citada nuevamente.<\/p>\n<p style=\"text-align: justify;\">Tambi\u00e9n la joven admiti\u00f3 que ten\u00eda conocimiento de que Fari\u00f1a hab\u00eda comprado y vendido un campo en la provincia de Mendoza, aunque rehus\u00f3 hablar m\u00e1s de su marido porque, dijo, \u00abme hace mal y, adem\u00e1s, no puedo\u00bb.<\/p>\n<p style=\"text-align: justify;\">La causa se inici\u00f3 por una denuncia de la AFIP -que act\u00faa como querellante- contra Fari\u00f1a por la evasi\u00f3n de m\u00e1s de 28 millones de pesos por IVA, impuesto a las ganancias y bienes personales correspondientes a los a\u00f1os 2010 y 2011 en la compra de un campo en Mendoza que realiz\u00f3 en diciembre de 2010.<\/p>\n<p style=\"text-align: justify;\">Fari\u00f1a fue detenido el 25 de marzo pasado en un hotel del barrio porte\u00f1o de Palermo y desde entonces sigue arrestado en Bah\u00eda Blanca.<\/p>\n<p style=\"text-align: justify;\">Fuente: ratingcero.com<\/p>\n","protected":false},"excerpt":{"rendered":"<p>La modelo asisti\u00f3 en la ma\u00f1ana de este mi\u00e9rcoles junto\u00a0a su abogado a los tribunales de La Plata en el marco \u00a0por la causa por la que su ex marido est\u00e1 procesado con prisi\u00f3n preventiva por los delitos de \u00abevasi\u00f3n fiscal agravada e insolvencia fiscal fraudulenta\u00bb . \u00abTraje documentaci\u00f3n que prueba el v\u00ednculo\u00bb, hab\u00eda declarado [&hellip;]<\/p>\n","protected":false},"author":9,"featured_media":21372,"comment_status":"closed","ping_status":"closed","sticky":false,"template":"","format":"standard","meta":{"_seopress_robots_primary_cat":"","_seopress_titles_title":"","_seopress_titles_desc":"","_seopress_robots_index":"","footnotes":""},"categories":[4],"tags":[27843,26352,27844],"class_list":{"0":"post-21371","1":"post","2":"type-post","3":"status-publish","4":"format-standard","5":"has-post-thumbnail","7":"category-famosos","8":"tag-karina-jelinek-declara-ante-la-causa-de-su-ex-marido-leonardo-farina","9":"tag-karina-jelinek-leo-farina","10":"tag-leo-farina-evasion-fiscal-agravada-e-insolvencia-fiscal-fraudulenta"},"_links":{"self":[{"href":"https:\/\/www.cordobatimes.com\/showup\/wp-json\/wp\/v2\/posts\/21371","targetHints":{"allow":["GET"]}}],"collection":[{"href":"https:\/\/www.cordobatimes.com\/showup\/wp-json\/wp\/v2\/posts"}],"about":[{"href":"https:\/\/www.cordobatimes.com\/showup\/wp-json\/wp\/v2\/types\/post"}],"author":[{"embeddable":true,"href":"https:\/\/www.cordobatimes.com\/showup\/wp-json\/wp\/v2\/users\/9"}],"replies":[{"embeddable":true,"href":"https:\/\/www.cordobatimes.com\/showup\/wp-json\/wp\/v2\/comments?post=21371"}],"version-history":[{"count":0,"href":"https:\/\/www.cordobatimes.com\/showup\/wp-json\/wp\/v2\/posts\/21371\/revisions"}],"wp:featuredmedia":[{"embeddable":true,"href":"https:\/\/www.cordobatimes.com\/showup\/wp-json\/wp\/v2\/media\/21372"}],"wp:attachment":[{"href":"https:\/\/www.cordobatimes.com\/showup\/wp-json\/wp\/v2\/media?parent=21371"}],"wp:term":[{"taxonomy":"category","embeddable":true,"href":"https:\/\/www.cordobatimes.com\/showup\/wp-json\/wp\/v2\/categories?post=21371"},{"taxonomy":"post_tag","embeddable":true,"href":"https:\/\/www.cordobatimes.com\/showup\/wp-json\/wp\/v2\/tags?post=21371"}],"curies":[{"name":"wp","href":"https:\/\/api.w.org\/{rel}","templated":true}]}}