{"id":21305,"date":"2014-05-27T18:26:07","date_gmt":"2014-05-27T21:26:07","guid":{"rendered":"http:\/\/cordobatimes.com\/showup\/?p=21305"},"modified":"2020-01-07T09:33:31","modified_gmt":"2020-01-07T12:33:31","slug":"sabes-que-hizo-jorge-rial-con-su-libreta-de-matrimonio-video","status":"publish","type":"post","link":"https:\/\/www.cordobatimes.com\/showup\/tv\/2014\/05\/27\/sabes-que-hizo-jorge-rial-con-su-libreta-de-matrimonio-video\/","title":{"rendered":"\u00bfSab\u00e9s qu\u00e9 hizo Jorge Rial con su libreta de matrimonio? (Video)"},"content":{"rendered":"<h3 style=\"text-align: justify;\"><strong>En medio del caos por el casamiento por Civil de Wanda Nara y Mauro Icardi, el conductor de Intrusos se contact\u00f3 con la jueza que ofici\u00f3 la ceremonia y hablaron sobre la uni\u00f3n del futbolista y la modelo.<\/strong><\/h3>\n<p>En la entrevista con Alejandra Joudrier, el Intruso le pregunt\u00f3 a la jueza: \u201c\u00bfDesde cu\u00e1ndo son azules las libretas? Yo ten\u00eda la roja\u201d.Entonces, la jueza le respondi\u00f3: \u201cEn provincia son azules. Usted se habr\u00e1 casado en Capital Federal\u201d.<\/p>\n<p>Entonces y sin previo aviso, el conductor record\u00f3 su anterior matrimonio: \u201cS\u00ed, desgraciadamente, me cas\u00e9 hace a\u00f1os. Pero no la tengo m\u00e1s la libreta, la tir\u00e9. \u00a1Hice un asado, doctora!\u201d, dijo Jorge Rial entre risas.<\/p>\n<p>\u201cLa pr\u00f3xima me voy a casar en su Registro Civil\u201d remat\u00f3 el conductor, antes de gritarle a su movilero: \u00a1Pedime un turno, Pablo!\u201d.<\/p>\n<p>No te pierdas el video.<br \/>\n<iframe loading=\"lazy\" src=\"\/\/www.youtube.com\/embed\/gLElSo6Vask\" width=\"420\" height=\"315\" frameborder=\"0\" allowfullscreen=\"allowfullscreen\"><\/iframe><\/p>\n","protected":false},"excerpt":{"rendered":"<p>En medio del caos por el casamiento por Civil de Wanda Nara y Mauro Icardi, el conductor de Intrusos se contact\u00f3 con la jueza que ofici\u00f3 la ceremonia y hablaron sobre la uni\u00f3n del futbolista y la modelo. En la entrevista con Alejandra Joudrier, el Intruso le pregunt\u00f3 a la jueza: \u201c\u00bfDesde cu\u00e1ndo son azules [&hellip;]<\/p>\n","protected":false},"author":9,"featured_media":21306,"comment_status":"closed","ping_status":"closed","sticky":false,"template":"","format":"standard","meta":{"_seopress_robots_primary_cat":"","_seopress_titles_title":"","_seopress_titles_desc":"","_seopress_robots_index":"","footnotes":""},"categories":[2],"tags":[27858,27857],"class_list":{"0":"post-21305","1":"post","2":"type-post","3":"status-publish","4":"format-standard","5":"has-post-thumbnail","7":"category-tv","8":"tag-jorge-rial-libreta-de-matrimonio","9":"tag-que-hizo-jorge-rial-con-su-libreta-de-matrimonio"},"_links":{"self":[{"href":"https:\/\/www.cordobatimes.com\/showup\/wp-json\/wp\/v2\/posts\/21305","targetHints":{"allow":["GET"]}}],"collection":[{"href":"https:\/\/www.cordobatimes.com\/showup\/wp-json\/wp\/v2\/posts"}],"about":[{"href":"https:\/\/www.cordobatimes.com\/showup\/wp-json\/wp\/v2\/types\/post"}],"author":[{"embeddable":true,"href":"https:\/\/www.cordobatimes.com\/showup\/wp-json\/wp\/v2\/users\/9"}],"replies":[{"embeddable":true,"href":"https:\/\/www.cordobatimes.com\/showup\/wp-json\/wp\/v2\/comments?post=21305"}],"version-history":[{"count":0,"href":"https:\/\/www.cordobatimes.com\/showup\/wp-json\/wp\/v2\/posts\/21305\/revisions"}],"wp:featuredmedia":[{"embeddable":true,"href":"https:\/\/www.cordobatimes.com\/showup\/wp-json\/wp\/v2\/media\/21306"}],"wp:attachment":[{"href":"https:\/\/www.cordobatimes.com\/showup\/wp-json\/wp\/v2\/media?parent=21305"}],"wp:term":[{"taxonomy":"category","embeddable":true,"href":"https:\/\/www.cordobatimes.com\/showup\/wp-json\/wp\/v2\/categories?post=21305"},{"taxonomy":"post_tag","embeddable":true,"href":"https:\/\/www.cordobatimes.com\/showup\/wp-json\/wp\/v2\/tags?post=21305"}],"curies":[{"name":"wp","href":"https:\/\/api.w.org\/{rel}","templated":true}]}}