{"id":21205,"date":"2014-05-26T16:56:47","date_gmt":"2014-05-26T19:56:47","guid":{"rendered":"http:\/\/cordobatimes.com\/showup\/?p=21205"},"modified":"2020-01-07T18:13:30","modified_gmt":"2020-01-07T21:13:30","slug":"wanda-firmo-la-denuncia-por-violencia-de-genero-contra-maxi-lopez-fotos","status":"publish","type":"post","link":"https:\/\/www.cordobatimes.com\/showup\/famosos\/2014\/05\/26\/wanda-firmo-la-denuncia-por-violencia-de-genero-contra-maxi-lopez-fotos\/","title":{"rendered":"Wanda firm\u00f3 la denuncia por violencia de g\u00e9nero contra Maxi L\u00f3pez (Fotos)"},"content":{"rendered":"<h3 style=\"text-align: justify;\"><strong>Esta ma\u00f1ana el ex de la modelo lleg\u00f3 al pa\u00eds, neg\u00e1ndose agresivamente a realizar declaraciones despu\u00e9s de los duros audios que public\u00f3 Jorge Rial.<\/strong><\/h3>\n<p style=\"text-align: justify;\">Mientras tanto, aparecieron fotos del momento en que Wanda Nara reafirm\u00f3 ante la justicia argentina su denuncia por violencia de g\u00e9nero contra L\u00f3pez.<\/p>\n<p style=\"text-align: justify;\">Recordemos que la presentaci\u00f3n judicial ya hab\u00eda sido realizada ante la justicia italiana. En las fotos se puede ver como Wanda firma la denuncia acompa\u00f1ada por su abogada Ana Rosenfeld y su amiga, la panelista Yanina Latorre, en las fotos que fueron exhibidas en \u00abBDV\u00bb.<\/p>\n<p style=\"text-align: justify;\"><a href=\"http:\/\/cordobatimes.com\/showup\/wp-content\/uploads\/2014\/05\/wan.jpg\"><img loading=\"lazy\" decoding=\"async\" class=\"alignnone size-full wp-image-21226\" src=\"http:\/\/cordobatimes.com\/showup\/wp-content\/uploads\/2014\/05\/wan.jpg\" alt=\"wan\" width=\"611\" height=\"308\" data-id=\"21226\" srcset=\"https:\/\/www.cordobatimes.com\/showup\/wp-content\/uploads\/2014\/05\/wan.jpg 611w, https:\/\/www.cordobatimes.com\/showup\/wp-content\/uploads\/2014\/05\/wan-300x151.jpg 300w, https:\/\/www.cordobatimes.com\/showup\/wp-content\/uploads\/2014\/05\/wan-600x302.jpg 600w\" sizes=\"auto, (max-width: 611px) 100vw, 611px\" \/><\/a><\/p>\n<p style=\"text-align: justify;\"><a href=\"http:\/\/cordobatimes.com\/showup\/wp-content\/uploads\/2014\/05\/wan1.jpg\"><img loading=\"lazy\" decoding=\"async\" class=\"alignnone size-full wp-image-21227\" src=\"http:\/\/cordobatimes.com\/showup\/wp-content\/uploads\/2014\/05\/wan1.jpg\" alt=\"wan1\" width=\"611\" height=\"308\" data-id=\"21227\" srcset=\"https:\/\/www.cordobatimes.com\/showup\/wp-content\/uploads\/2014\/05\/wan1.jpg 611w, https:\/\/www.cordobatimes.com\/showup\/wp-content\/uploads\/2014\/05\/wan1-300x151.jpg 300w, https:\/\/www.cordobatimes.com\/showup\/wp-content\/uploads\/2014\/05\/wan1-600x302.jpg 600w\" sizes=\"auto, (max-width: 611px) 100vw, 611px\" \/><\/a><\/p>\n<p style=\"text-align: justify;\">Adem\u00e1s de la denuncia, en las \u00faltimas horas aparecieron fuertes audios que incluyen grandes discusiones entre Wanda Nara, Maxi L\u00f3pez y Mauro Icardi.<\/p>\n","protected":false},"excerpt":{"rendered":"<p>Esta ma\u00f1ana el ex de la modelo lleg\u00f3 al pa\u00eds, neg\u00e1ndose agresivamente a realizar declaraciones despu\u00e9s de los duros audios que public\u00f3 Jorge Rial. Mientras tanto, aparecieron fotos del momento en que Wanda Nara reafirm\u00f3 ante la justicia argentina su denuncia por violencia de g\u00e9nero contra L\u00f3pez. Recordemos que la presentaci\u00f3n judicial ya hab\u00eda sido [&hellip;]<\/p>\n","protected":false},"author":9,"featured_media":21228,"comment_status":"closed","ping_status":"closed","sticky":false,"template":"","format":"standard","meta":{"_seopress_robots_primary_cat":"","_seopress_titles_title":"","_seopress_titles_desc":"","_seopress_robots_index":"","footnotes":""},"categories":[4],"tags":[27871,7569],"class_list":{"0":"post-21205","1":"post","2":"type-post","3":"status-publish","4":"format-standard","5":"has-post-thumbnail","7":"category-famosos","8":"tag-wanda-nara-denuncia-por-violencia-de-genero-contra-maxi-lopez","9":"tag-wanda-nara-maxi-lopez"},"_links":{"self":[{"href":"https:\/\/www.cordobatimes.com\/showup\/wp-json\/wp\/v2\/posts\/21205","targetHints":{"allow":["GET"]}}],"collection":[{"href":"https:\/\/www.cordobatimes.com\/showup\/wp-json\/wp\/v2\/posts"}],"about":[{"href":"https:\/\/www.cordobatimes.com\/showup\/wp-json\/wp\/v2\/types\/post"}],"author":[{"embeddable":true,"href":"https:\/\/www.cordobatimes.com\/showup\/wp-json\/wp\/v2\/users\/9"}],"replies":[{"embeddable":true,"href":"https:\/\/www.cordobatimes.com\/showup\/wp-json\/wp\/v2\/comments?post=21205"}],"version-history":[{"count":0,"href":"https:\/\/www.cordobatimes.com\/showup\/wp-json\/wp\/v2\/posts\/21205\/revisions"}],"wp:featuredmedia":[{"embeddable":true,"href":"https:\/\/www.cordobatimes.com\/showup\/wp-json\/wp\/v2\/media\/21228"}],"wp:attachment":[{"href":"https:\/\/www.cordobatimes.com\/showup\/wp-json\/wp\/v2\/media?parent=21205"}],"wp:term":[{"taxonomy":"category","embeddable":true,"href":"https:\/\/www.cordobatimes.com\/showup\/wp-json\/wp\/v2\/categories?post=21205"},{"taxonomy":"post_tag","embeddable":true,"href":"https:\/\/www.cordobatimes.com\/showup\/wp-json\/wp\/v2\/tags?post=21205"}],"curies":[{"name":"wp","href":"https:\/\/api.w.org\/{rel}","templated":true}]}}