{"id":21128,"date":"2014-05-25T18:42:15","date_gmt":"2014-05-25T21:42:15","guid":{"rendered":"http:\/\/cordobatimes.com\/showup\/?p=21128"},"modified":"2020-01-07T19:06:22","modified_gmt":"2020-01-07T22:06:22","slug":"sebastian-estevanez-descubri-que-soy-dislexico","status":"publish","type":"post","link":"https:\/\/www.cordobatimes.com\/showup\/famosos\/2014\/05\/25\/sebastian-estevanez-descubri-que-soy-dislexico\/","title":{"rendered":"Sebasti\u00e1n Estevan\u00e9z: \u00abDescubr\u00ed que soy disl\u00e9xico\u00bb"},"content":{"rendered":"<h3 style=\"text-align: justify;\"><strong>A muy poquito de estrenar la nueva producci\u00f3n de su padre que lo deja a \u00e9l y a su ya amiga, Carina Zampini como protagonistas; el actor cont\u00f3 una intimidad que ten\u00eda bien guardada.\u00a0<\/strong><\/h3>\n<p style=\"text-align: justify;\">Estevan\u00e9z afirma: \u00a0\u00abCuando me dijeron de repetir la dupla, pensaba que estaban todos locos. Pero en un momento me di cuenta que los locos eran muchos. Gustavo Berm\u00fadez, que grababa cerca, nos dijo &#8216;Tengan fe, yo repet\u00ed tres veces seguidas la dupla con Andrea del Boca&#8217;. Y eso nos dio alivio. Lo que planteamos fue: &#8216;Decimos s\u00ed, pero hagamos algo totalmente distinto. Juguemos desde otro lugar&#8217;. Ac\u00e1 no nos separan las clases sociales. Yo siento un odio descomunal hacia ella\u00bb.<\/p>\n<p style=\"text-align: justify;\">Carina Zampini da su visi\u00f3n sobre estos nuevos roles que interpretan \u00abLa dimensi\u00f3n del odio que tiene hacia m\u00ed es equivalente al amor que me tiene. En esta historia pasa un reencuentro. Ellos fueron pareja y se amaron mucho y el d\u00eda que vuelven a verse y cre\u00edan tener todo eso resuelto, se les mueve la estanter\u00eda\u00bb.<\/p>\n<p style=\"text-align: justify;\">Adem\u00e1s del tema de la presentaci\u00f3n de la tira, sorprendi\u00f3 una declaraci\u00f3n de Estevanez sobre un problema de salud que tiene desde su ni\u00f1ez.<\/p>\n<p style=\"text-align: justify;\">\u00abHace unos meses descubr\u00ed que soy disl\u00e9xico. Ahora quiero aprovechar que trabajo en los medios para difundir el tema y ayudar a los dem\u00e1s\u00bb.<\/p>\n<p style=\"text-align: justify;\">\u00abEl pediatr\u00eda de mis hijos me pregunt\u00f3 si quer\u00eda ayudar con la causa y me cont\u00f3 lo que era la dislexia. Se me llenaron los ojos de l\u00e1grimas. Sent\u00ed que era lo que me pasaba de chico. Me costaba leer, ten\u00eda los mismo s\u00edntomas, y despu\u00e9s de unos estudios descubr\u00ed ese problema en m\u00ed\u00bb cuenta el actor.<\/p>\n<p style=\"text-align: justify;\">La dislexia es una dificultad en la lectura que imposibilita su comprensi\u00f3n. Una suerte de discrepancia entre el potencial de aprendizaje que tiene una persona y su nivel de rendimiento.<\/p>\n<p style=\"text-align: justify;\">Estevanez aclara \u00abEs algo que en m\u00ed no se nota, pero que me hace entender fallas de chico. La asociaci\u00f3n Disfan es la entidad que se ocupa de esa problem\u00e1tica\u00bb.<\/p>\n","protected":false},"excerpt":{"rendered":"<p>A muy poquito de estrenar la nueva producci\u00f3n de su padre que lo deja a \u00e9l y a su ya amiga, Carina Zampini como protagonistas; el actor cont\u00f3 una intimidad que ten\u00eda bien guardada.\u00a0 Estevan\u00e9z afirma: \u00a0\u00abCuando me dijeron de repetir la dupla, pensaba que estaban todos locos. Pero en un momento me di cuenta [&hellip;]<\/p>\n","protected":false},"author":9,"featured_media":21157,"comment_status":"closed","ping_status":"closed","sticky":false,"template":"","format":"standard","meta":{"_seopress_robots_primary_cat":"","_seopress_titles_title":"","_seopress_titles_desc":"","_seopress_robots_index":"","footnotes":""},"categories":[4],"tags":[27877],"class_list":{"0":"post-21128","1":"post","2":"type-post","3":"status-publish","4":"format-standard","5":"has-post-thumbnail","7":"category-famosos","8":"tag-dislexia-de-sebastian-estevanez"},"_links":{"self":[{"href":"https:\/\/www.cordobatimes.com\/showup\/wp-json\/wp\/v2\/posts\/21128","targetHints":{"allow":["GET"]}}],"collection":[{"href":"https:\/\/www.cordobatimes.com\/showup\/wp-json\/wp\/v2\/posts"}],"about":[{"href":"https:\/\/www.cordobatimes.com\/showup\/wp-json\/wp\/v2\/types\/post"}],"author":[{"embeddable":true,"href":"https:\/\/www.cordobatimes.com\/showup\/wp-json\/wp\/v2\/users\/9"}],"replies":[{"embeddable":true,"href":"https:\/\/www.cordobatimes.com\/showup\/wp-json\/wp\/v2\/comments?post=21128"}],"version-history":[{"count":0,"href":"https:\/\/www.cordobatimes.com\/showup\/wp-json\/wp\/v2\/posts\/21128\/revisions"}],"wp:featuredmedia":[{"embeddable":true,"href":"https:\/\/www.cordobatimes.com\/showup\/wp-json\/wp\/v2\/media\/21157"}],"wp:attachment":[{"href":"https:\/\/www.cordobatimes.com\/showup\/wp-json\/wp\/v2\/media?parent=21128"}],"wp:term":[{"taxonomy":"category","embeddable":true,"href":"https:\/\/www.cordobatimes.com\/showup\/wp-json\/wp\/v2\/categories?post=21128"},{"taxonomy":"post_tag","embeddable":true,"href":"https:\/\/www.cordobatimes.com\/showup\/wp-json\/wp\/v2\/tags?post=21128"}],"curies":[{"name":"wp","href":"https:\/\/api.w.org\/{rel}","templated":true}]}}