{"id":21033,"date":"2014-05-24T11:25:01","date_gmt":"2014-05-24T14:25:01","guid":{"rendered":"http:\/\/cordobatimes.com\/showup\/?p=21033"},"modified":"2020-01-07T21:20:22","modified_gmt":"2020-01-08T00:20:22","slug":"wanda-y-maxi-tregua-o-sus-hijos-no-van-al-casamiento","status":"publish","type":"post","link":"https:\/\/www.cordobatimes.com\/showup\/famosos\/2014\/05\/24\/wanda-y-maxi-tregua-o-sus-hijos-no-van-al-casamiento\/","title":{"rendered":"Wanda y Maxi: \u00bfTregua o sus hijos no van al casamiento?"},"content":{"rendered":"<h3 style=\"text-align: justify;\"><strong>En medio de los rumores sobre desobediencia judicial en el r\u00e9gimen de visitas, los abogados del jugador brindaron una entrevista con la prensa contando los detalles del entramado lazo que los une.<\/strong><\/h3>\n<p style=\"text-align: justify;\">La modelo y su nueva pareja se encuentran en el pa\u00eds con los \u00faltimos preparativos de lo que sin duda sera una de las bodas del a\u00f1o. Y a pesar de que las novedades de este par pueden ya no sorprender, durante la jornada de ayer estall\u00f3 la \u00faltima bomba: \u00bfMaxi demand\u00f3 penalmente a Wanda por desobediencia en el r\u00e9gimen de visitas acordado para ver a sus tres hijos?<\/p>\n<p style=\"text-align: justify;\">El abogado de Maxi L\u00f3pez desminti\u00f3 sin embargo el hecho ante la prensa. \u00abNo se inici\u00f3 ninguna acci\u00f3n penal por desobediencia en el r\u00e9gimen de visitas\u00bb, aclar\u00f3.<\/p>\n<p style=\"text-align: justify;\">El futbolista de la Sampdoria hab\u00eda presentado una denuncia civil contra Nara, por desobediencia al \u00abbozal legal\u00bb simplemente para que cesara de mencionar cuestiones referidas a la intimidad y la separaci\u00f3n de su ex marido, y de publicar fotos de sus hijos en los medios y redes sociales.<\/p>\n<p style=\"text-align: justify;\">Seg\u00fan pudo saber Ciudad.com, paralelamente con esa demanda civil, los abogados del ex delantero de River habr\u00edan iniciado una demanda penal por el mismo motivo.<\/p>\n<p style=\"text-align: justify;\">En los pr\u00f3ximos d\u00edas, Maxi L\u00f3pez llegar\u00e1 a la Argentina para pasar tres semanas junto a sus tres hijos, tal y como qued\u00f3 con su ex en el r\u00e9gimen de visita. Desde el 1\u00ba al 20 de junio, los peque\u00f1os estar\u00e1n con su pap\u00e1, quien estar\u00e1 aprovechando sus vacaciones antes de comenzar la pretemporada futbol\u00edstica.<\/p>\n<p style=\"text-align: justify;\">Pero la gran pregunta fue: \u00bfqu\u00e9 pasar\u00e1 el 7 de junio ser\u00e1 la gran fiesta de casamiento de Wanda e Icardi? Seg\u00fan se pudo saber, Maxi L\u00f3pez no pondr\u00eda trabas para que sus hijos est\u00e9n con su madre en una fecha tan importante.<\/p>\n","protected":false},"excerpt":{"rendered":"<p>En medio de los rumores sobre desobediencia judicial en el r\u00e9gimen de visitas, los abogados del jugador brindaron una entrevista con la prensa contando los detalles del entramado lazo que los une. La modelo y su nueva pareja se encuentran en el pa\u00eds con los \u00faltimos preparativos de lo que sin duda sera una de [&hellip;]<\/p>\n","protected":false},"author":8,"featured_media":21037,"comment_status":"closed","ping_status":"closed","sticky":false,"template":"","format":"standard","meta":{"_seopress_robots_primary_cat":"","_seopress_titles_title":"","_seopress_titles_desc":"","_seopress_robots_index":"","footnotes":""},"categories":[4],"tags":[5043,8171,7569],"class_list":{"0":"post-21033","1":"post","2":"type-post","3":"status-publish","4":"format-standard","5":"has-post-thumbnail","7":"category-famosos","8":"tag-casamiento-de-wanda-nara-con-mauro-icardi","9":"tag-hijos-de-wanda-nara-y-maxi-lopez","10":"tag-wanda-nara-maxi-lopez"},"_links":{"self":[{"href":"https:\/\/www.cordobatimes.com\/showup\/wp-json\/wp\/v2\/posts\/21033","targetHints":{"allow":["GET"]}}],"collection":[{"href":"https:\/\/www.cordobatimes.com\/showup\/wp-json\/wp\/v2\/posts"}],"about":[{"href":"https:\/\/www.cordobatimes.com\/showup\/wp-json\/wp\/v2\/types\/post"}],"author":[{"embeddable":true,"href":"https:\/\/www.cordobatimes.com\/showup\/wp-json\/wp\/v2\/users\/8"}],"replies":[{"embeddable":true,"href":"https:\/\/www.cordobatimes.com\/showup\/wp-json\/wp\/v2\/comments?post=21033"}],"version-history":[{"count":0,"href":"https:\/\/www.cordobatimes.com\/showup\/wp-json\/wp\/v2\/posts\/21033\/revisions"}],"wp:featuredmedia":[{"embeddable":true,"href":"https:\/\/www.cordobatimes.com\/showup\/wp-json\/wp\/v2\/media\/21037"}],"wp:attachment":[{"href":"https:\/\/www.cordobatimes.com\/showup\/wp-json\/wp\/v2\/media?parent=21033"}],"wp:term":[{"taxonomy":"category","embeddable":true,"href":"https:\/\/www.cordobatimes.com\/showup\/wp-json\/wp\/v2\/categories?post=21033"},{"taxonomy":"post_tag","embeddable":true,"href":"https:\/\/www.cordobatimes.com\/showup\/wp-json\/wp\/v2\/tags?post=21033"}],"curies":[{"name":"wp","href":"https:\/\/api.w.org\/{rel}","templated":true}]}}