{"id":21027,"date":"2014-05-24T17:37:06","date_gmt":"2014-05-24T20:37:06","guid":{"rendered":"http:\/\/cordobatimes.com\/showup\/?p=21027"},"modified":"2020-01-07T20:22:04","modified_gmt":"2020-01-07T23:22:04","slug":"romeo-debutara-en-cine-con-rapido-y-furioso-7-video","status":"publish","type":"post","link":"https:\/\/www.cordobatimes.com\/showup\/cine-y-series\/2014\/05\/24\/romeo-debutara-en-cine-con-rapido-y-furioso-7-video\/","title":{"rendered":"Romeo debutar\u00e1 en cine con R\u00e1pido y Furioso 7 (Video)"},"content":{"rendered":"<h3 style=\"text-align: justify;\"><strong>El cantante neoyorquino de origen latino tendr\u00e1 un papel en la esperada s\u00e9ptima entrega de Fast and Furious. El Rey de la Bachata realiz\u00f3 el anuncio en pleno concierto junto a su nuevo compa\u00f1ero de reparto, el actor Vin Diesel.<\/strong><\/h3>\n<p style=\"text-align: justify;\">Seg\u00fan informa Deadline, el int\u00e9rprete dej\u00f3 con la boca abierta a los miles de fans que hab\u00edan acudido a su actuaci\u00f3n en el Staples Center en Los \u00c1ngeles. La sorpresa fue may\u00fascula cuando el protagonista y productor de la franquicia, Vin Diesel, subi\u00f3 al escenario para anunciar el nuevo fichaje.<\/p>\n<p style=\"text-align: justify;\">A\u00fan se desconoce el papel que interpretar\u00e1 Romeo en la que ser\u00e1 su segunda incursi\u00f3n en el mundo de la actuaci\u00f3n. Ya se puso por las c\u00e1maras por primera vez hace tiempo, en el piloto de una sitcom de ABC producida por Will Smith, pero nunca hab\u00eda trabajado en la pantalla grande.<\/p>\n<p style=\"text-align: justify;\">En la saga ya hay antecedentes de este tipo. Fue el caso de los cantantes de reggaeton Don Omar y Tego Calder\u00f3n, que aparecieron en la franquicia como los personajes secundarios Rico Santos y Tego Leo, respectivamente.<\/p>\n<p style=\"text-align: justify;\">Ambos fueron fugaces miembros de la banda de Dominic Toretto (Diesel) y aprovechaban cada discusi\u00f3n para hablar en espa\u00f1ol. Contribuyeron adem\u00e1s con una canci\u00f3n para la banda sonora de Fast &amp; Furious 6, \u00bfhar\u00e1 lo mismo el sexy bachatero?<\/p>\n<p><iframe loading=\"lazy\" src=\"\/\/www.youtube.com\/embed\/DCxYvVs2AGc\" width=\"560\" height=\"315\" frameborder=\"0\" allowfullscreen=\"allowfullscreen\"><\/iframe><\/p>\n","protected":false},"excerpt":{"rendered":"<p>El cantante neoyorquino de origen latino tendr\u00e1 un papel en la esperada s\u00e9ptima entrega de Fast and Furious. El Rey de la Bachata realiz\u00f3 el anuncio en pleno concierto junto a su nuevo compa\u00f1ero de reparto, el actor Vin Diesel. Seg\u00fan informa Deadline, el int\u00e9rprete dej\u00f3 con la boca abierta a los miles de fans [&hellip;]<\/p>\n","protected":false},"author":9,"featured_media":21064,"comment_status":"closed","ping_status":"closed","sticky":false,"template":"","format":"standard","meta":{"_seopress_robots_primary_cat":"","_seopress_titles_title":"","_seopress_titles_desc":"","_seopress_robots_index":"","footnotes":""},"categories":[3],"tags":[27887],"class_list":{"0":"post-21027","1":"post","2":"type-post","3":"status-publish","4":"format-standard","5":"has-post-thumbnail","7":"category-cine-y-series","8":"tag-romeo-santos-rapido-y-furioso-7"},"_links":{"self":[{"href":"https:\/\/www.cordobatimes.com\/showup\/wp-json\/wp\/v2\/posts\/21027","targetHints":{"allow":["GET"]}}],"collection":[{"href":"https:\/\/www.cordobatimes.com\/showup\/wp-json\/wp\/v2\/posts"}],"about":[{"href":"https:\/\/www.cordobatimes.com\/showup\/wp-json\/wp\/v2\/types\/post"}],"author":[{"embeddable":true,"href":"https:\/\/www.cordobatimes.com\/showup\/wp-json\/wp\/v2\/users\/9"}],"replies":[{"embeddable":true,"href":"https:\/\/www.cordobatimes.com\/showup\/wp-json\/wp\/v2\/comments?post=21027"}],"version-history":[{"count":0,"href":"https:\/\/www.cordobatimes.com\/showup\/wp-json\/wp\/v2\/posts\/21027\/revisions"}],"wp:featuredmedia":[{"embeddable":true,"href":"https:\/\/www.cordobatimes.com\/showup\/wp-json\/wp\/v2\/media\/21064"}],"wp:attachment":[{"href":"https:\/\/www.cordobatimes.com\/showup\/wp-json\/wp\/v2\/media?parent=21027"}],"wp:term":[{"taxonomy":"category","embeddable":true,"href":"https:\/\/www.cordobatimes.com\/showup\/wp-json\/wp\/v2\/categories?post=21027"},{"taxonomy":"post_tag","embeddable":true,"href":"https:\/\/www.cordobatimes.com\/showup\/wp-json\/wp\/v2\/tags?post=21027"}],"curies":[{"name":"wp","href":"https:\/\/api.w.org\/{rel}","templated":true}]}}