{"id":20918,"date":"2014-05-22T17:25:45","date_gmt":"2014-05-22T20:25:45","guid":{"rendered":"http:\/\/cordobatimes.com\/showup\/?p=20918"},"modified":"2020-01-08T08:04:53","modified_gmt":"2020-01-08T11:04:53","slug":"lio-neymar-el-kun-pique-y-hasta-el-hijo-de-shakira-cantan-la-la-la-video","status":"publish","type":"post","link":"https:\/\/www.cordobatimes.com\/showup\/musica\/2014\/05\/22\/lio-neymar-el-kun-pique-y-hasta-el-hijo-de-shakira-cantan-la-la-la-video\/","title":{"rendered":"Lio, Neymar, el Kun, Piqu\u00e9 y hasta el hijo de Shakira cantan \u00abLa la la\u00bb (Video)"},"content":{"rendered":"<h3 style=\"text-align: justify;\"><strong>Luego de una primera presentaci\u00f3n, la colombiana no se quiso quedar atr\u00e1s y \u00a0present\u00f3 una nueva versi\u00f3n de su \u00faltimo videoclip con el tema La La La, que forma parte del disco que lanza la FIFA para el Mundial Brasil 2014. <\/strong><\/h3>\n<p style=\"text-align: justify;\">Shakira \u00a0no se anduvo con chiquitas al convocar a algunas de las figuras m\u00e1s importantes que estar\u00e1n en la Copa del Mundo como Lionel Messi, Sergio \u201cKun\u201d Ag\u00fcero, Neymar, Radamel Falcao, James Rodr\u00edguez y Gerard Piqu\u00e9. Tambi\u00e9n, para sorpresa de sus fan\u00e1ticos, \u00a0aparece su peque\u00f1o hijo Milan, quien ya se perfila para ser un gran goleador.<\/p>\n<p style=\"text-align: justify;\">Parece que la colombiana espera repetir el \u00e9xito de Waka Waka, en el que tambi\u00e9n aparec\u00edan estrellas de este apasionante deporte.<\/p>\n<p style=\"text-align: justify;\">En la canci\u00f3n \u00abLa La La\u00bb, Carlinhos Brown colabor\u00f3 con la barranquillera y el video fue producido por la marca de bebidas l\u00e1cteas Activia en apoyo al World Food Programme (Programa Mundial de Alimentaci\u00f3n) de la ONU, contra el hambre y a favor de la seguridad alimentaria.<\/p>\n<p style=\"text-align: justify;\">\u00a1Miralo!<\/p>\n<p><iframe loading=\"lazy\" src=\"\/\/www.youtube.com\/embed\/7-7knsP2n5w\" width=\"560\" height=\"315\" frameborder=\"0\" allowfullscreen=\"allowfullscreen\"><\/iframe><\/p>\n","protected":false},"excerpt":{"rendered":"<p>Luego de una primera presentaci\u00f3n, la colombiana no se quiso quedar atr\u00e1s y \u00a0present\u00f3 una nueva versi\u00f3n de su \u00faltimo videoclip con el tema La La La, que forma parte del disco que lanza la FIFA para el Mundial Brasil 2014. Shakira \u00a0no se anduvo con chiquitas al convocar a algunas de las figuras m\u00e1s [&hellip;]<\/p>\n","protected":false},"author":9,"featured_media":20934,"comment_status":"closed","ping_status":"closed","sticky":false,"template":"","format":"standard","meta":{"_seopress_robots_primary_cat":"","_seopress_titles_title":"","_seopress_titles_desc":"","_seopress_robots_index":"","footnotes":""},"categories":[5],"tags":[27902,27903],"class_list":{"0":"post-20918","1":"post","2":"type-post","3":"status-publish","4":"format-standard","5":"has-post-thumbnail","7":"category-musica","8":"tag-hijo-de-shakira-cantan-la-la-la","9":"tag-shakira-canta-la-la-la"},"_links":{"self":[{"href":"https:\/\/www.cordobatimes.com\/showup\/wp-json\/wp\/v2\/posts\/20918","targetHints":{"allow":["GET"]}}],"collection":[{"href":"https:\/\/www.cordobatimes.com\/showup\/wp-json\/wp\/v2\/posts"}],"about":[{"href":"https:\/\/www.cordobatimes.com\/showup\/wp-json\/wp\/v2\/types\/post"}],"author":[{"embeddable":true,"href":"https:\/\/www.cordobatimes.com\/showup\/wp-json\/wp\/v2\/users\/9"}],"replies":[{"embeddable":true,"href":"https:\/\/www.cordobatimes.com\/showup\/wp-json\/wp\/v2\/comments?post=20918"}],"version-history":[{"count":0,"href":"https:\/\/www.cordobatimes.com\/showup\/wp-json\/wp\/v2\/posts\/20918\/revisions"}],"wp:featuredmedia":[{"embeddable":true,"href":"https:\/\/www.cordobatimes.com\/showup\/wp-json\/wp\/v2\/media\/20934"}],"wp:attachment":[{"href":"https:\/\/www.cordobatimes.com\/showup\/wp-json\/wp\/v2\/media?parent=20918"}],"wp:term":[{"taxonomy":"category","embeddable":true,"href":"https:\/\/www.cordobatimes.com\/showup\/wp-json\/wp\/v2\/categories?post=20918"},{"taxonomy":"post_tag","embeddable":true,"href":"https:\/\/www.cordobatimes.com\/showup\/wp-json\/wp\/v2\/tags?post=20918"}],"curies":[{"name":"wp","href":"https:\/\/api.w.org\/{rel}","templated":true}]}}