{"id":20728,"date":"2014-05-20T11:55:45","date_gmt":"2014-05-20T14:55:45","guid":{"rendered":"http:\/\/cordobatimes.com\/showup\/?p=20728"},"modified":"2020-01-09T08:40:43","modified_gmt":"2020-01-09T11:40:43","slug":"fantino-agradecio-su-martin-fierro-en-animales-sueltos-video","status":"publish","type":"post","link":"https:\/\/www.cordobatimes.com\/showup\/tv\/2014\/05\/20\/fantino-agradecio-su-martin-fierro-en-animales-sueltos-video\/","title":{"rendered":"Fantino agradeci\u00f3 su Mart\u00edn Fierro en Animales Sueltos (Video)"},"content":{"rendered":"<h3 style=\"text-align: justify;\"><strong>El domingo por la noche, durante la 44 entrega de los premios de la televisi\u00f3n y radio argentina, el carism\u00e1tico periodista se qued\u00f3 con una de las m\u00e1s envidiadas \u00a0estatuillas: la de Mejor Conductor de la tev\u00e9 argentina.<\/strong><\/h3>\n<p style=\"text-align: justify;\">Con su premio, Fantino le dio el segundo \u00abfierro\u00bb de la noche al canal Am\u00e9rica ya que la conducci\u00f3n Femenina qued\u00f3 en manos de Andrea Politti, la animadora de \u00abLos unos y los otros\u00bb durante la temporada pasada.<\/p>\n<p style=\"text-align: justify;\">Anoche en su programa, antes de arrancar con la entrevista a Hugo Moyano y Luis Barrionuevo \u2013quienes tambi\u00e9n felicitaron al \u201cgringo\u201d por el logro conseguido- el Mejor Conductor agradeci\u00f3 el premio otorgado por APTRA.<\/p>\n<p style=\"text-align: justify;\">\u201cLes agradezco a ustedes (al p\u00fablico) y APTRA,este Mart\u00edn Fierro. Para m\u00ed es un orgullo. Cada vez que me sentaba a preparar una nota pensaba que este momento pod\u00eda llegar\u201d, arranc\u00f3 Alejandro Fantino.<\/p>\n<p style=\"text-align: justify;\">Y continu\u00f3: \u201cCada parte de este Mart\u00edn Fierro pertenece un poquito a Coco. Mi compa\u00f1ero y hermano del alma, con qui\u00e9n menor me he entendido en la televisi\u00f3n. Ni hablar de Juan Cruz (\u00c1vila), ni hablar del Canal\u201d.<\/p>\n<p><iframe loading=\"lazy\" src=\"\/\/www.youtube.com\/embed\/oCCbSF7R6nM\" width=\"420\" height=\"315\" frameborder=\"0\" allowfullscreen=\"allowfullscreen\"><\/iframe><\/p>\n","protected":false},"excerpt":{"rendered":"<p>El domingo por la noche, durante la 44 entrega de los premios de la televisi\u00f3n y radio argentina, el carism\u00e1tico periodista se qued\u00f3 con una de las m\u00e1s envidiadas \u00a0estatuillas: la de Mejor Conductor de la tev\u00e9 argentina. Con su premio, Fantino le dio el segundo \u00abfierro\u00bb de la noche al canal Am\u00e9rica ya que [&hellip;]<\/p>\n","protected":false},"author":9,"featured_media":20742,"comment_status":"closed","ping_status":"closed","sticky":false,"template":"","format":"standard","meta":{"_seopress_robots_primary_cat":"","_seopress_titles_title":"","_seopress_titles_desc":"","_seopress_robots_index":"","footnotes":""},"categories":[2],"tags":[27941,27940],"class_list":{"0":"post-20728","1":"post","2":"type-post","3":"status-publish","4":"format-standard","5":"has-post-thumbnail","7":"category-tv","8":"tag-alejandro-fantino-animales-sueltos","9":"tag-alejandro-fantino-martin-fierro"},"_links":{"self":[{"href":"https:\/\/www.cordobatimes.com\/showup\/wp-json\/wp\/v2\/posts\/20728","targetHints":{"allow":["GET"]}}],"collection":[{"href":"https:\/\/www.cordobatimes.com\/showup\/wp-json\/wp\/v2\/posts"}],"about":[{"href":"https:\/\/www.cordobatimes.com\/showup\/wp-json\/wp\/v2\/types\/post"}],"author":[{"embeddable":true,"href":"https:\/\/www.cordobatimes.com\/showup\/wp-json\/wp\/v2\/users\/9"}],"replies":[{"embeddable":true,"href":"https:\/\/www.cordobatimes.com\/showup\/wp-json\/wp\/v2\/comments?post=20728"}],"version-history":[{"count":0,"href":"https:\/\/www.cordobatimes.com\/showup\/wp-json\/wp\/v2\/posts\/20728\/revisions"}],"wp:featuredmedia":[{"embeddable":true,"href":"https:\/\/www.cordobatimes.com\/showup\/wp-json\/wp\/v2\/media\/20742"}],"wp:attachment":[{"href":"https:\/\/www.cordobatimes.com\/showup\/wp-json\/wp\/v2\/media?parent=20728"}],"wp:term":[{"taxonomy":"category","embeddable":true,"href":"https:\/\/www.cordobatimes.com\/showup\/wp-json\/wp\/v2\/categories?post=20728"},{"taxonomy":"post_tag","embeddable":true,"href":"https:\/\/www.cordobatimes.com\/showup\/wp-json\/wp\/v2\/tags?post=20728"}],"curies":[{"name":"wp","href":"https:\/\/api.w.org\/{rel}","templated":true}]}}